{"id":269570,"date":"2019-07-09T08:11:06","date_gmt":"2019-07-09T06:11:06","guid":{"rendered":"http:\/\/www.pcnen.com\/portal\/?p=269570"},"modified":"2019-07-09T08:11:06","modified_gmt":"2019-07-09T06:11:06","slug":"skoro-polovina-gradana-srbije-dozivljava-crnu-goru-kao-svoju-drzavu","status":"publish","type":"post","link":"https:\/\/www.pcnen.com\/portal\/2019\/07\/09\/skoro-polovina-gradana-srbije-dozivljava-crnu-goru-kao-svoju-drzavu\/","title":{"rendered":"Skoro polovina gra\u0111ana Srbije do\u017eivljava Crnu Goru kao svoju dr\u017eavu"},"content":{"rendered":"<p><img loading=\"lazy\" decoding=\"async\" class=\"size-full wp-image-269405 alignleft\" src=\"http:\/\/www.pcnen.com\/portal\/wp-content\/uploads\/2019\/07\/Crna-Gora-Srbija-1.jpg\" alt=\"\" width=\"300\" height=\"194\" \/>Gra\u0111ani Srbije u najve\u0107oj mjeri zamjeraju Crnoj Gori odnos prema Kosovu i Metohiji i prema Srbima u Crnoj Gori, pokazalo je najnovije istra\u017eivanje agencije Faktor plus, prenosi Blic.<\/p>\n<p>Gra\u0111ani smatraju i da je politika aktuelnog predsjednika Crne Gore Mila \u00d0ukanovi\u0107a najodgovornija za novonostale tenzije u odnosima dvije zemlje.<\/p>\n<p>Istra\u017eivanje je pokazalo da \u010dak 44 odsto ispitanika Crnu Goru do\u017eivljava kao sopstvenu zemlju, 36 odsto je reklo da je rije\u010d o prijateljskoj susjednoj zemlji, 15 odsto je ravnodu\u0161no, dok samo pet odsto vidi tu dr\u017eavu kao neprijateljsku.<\/p>\n<p>Na pitanje \u0161ta su najve\u0107i uzroci problema u odnosima Srbije i Crne Gore, 44 odsto ispitanika je navelo da je to zvani\u010dna politika Crne Gore, 27 odsto da je rije\u010d o borbi velikih sila za uticaj na Balkanu, 16 odsto misli da je politika Srbije najodgovornija za tenzije, dok 13 odsto nema odgovor.<\/p>\n<p>Upitani \u0161ta najvi\u0161e zamjeraju Crnoj Gori u politici prema Srbiji, 68 ispitanika je navelo da je to odnos prema Kosovu i Metohiji, 30 odsto da je to odnos prema Srbima u Crnoj Gori, 23 odsto da je to pozitivan odnos prema NATO, 21 odsto da je to negativan odnos prema Rusiji, 7 odsto da je to odnos prema EU, a 12 odsto je navelo ne\u0161to drugo.<\/p>\n","protected":false},"excerpt":{"rendered":"<p>Gra\u0111ani Srbije u najve\u0107oj mjeri zamjeraju Crnoj Gori odnos prema Kosovu i Metohiji i prema Srbima u Crnoj Gori, pokazalo je najnovije istra\u017eivanje agencije Faktor plus, prenosi Blic. Gra\u0111ani smatraju i da je politika aktuelnog predsjednika Crne Gore Mila \u00d0ukanovi\u0107a najodgovornija za novonostale tenzije u odnosima dvije zemlje. Istra\u017eivanje je pokazalo da \u010dak 44 odsto [&hellip;]<\/p>\n","protected":false},"author":1,"featured_media":0,"comment_status":"open","ping_status":"closed","sticky":false,"template":"","format":"standard","meta":{"_seopress_robots_primary_cat":"","_seopress_titles_title":"","_seopress_titles_desc":"","_seopress_robots_index":"","_et_pb_use_builder":"","_et_pb_old_content":"","_et_gb_content_width":"","inline_featured_image":false,"footnotes":""},"categories":[14,12],"tags":[],"class_list":["post-269570","post","type-post","status-publish","format-standard","hentry","category-vijesti","category-prica-dana"],"_links":{"self":[{"href":"https:\/\/www.pcnen.com\/portal\/wp-json\/wp\/v2\/posts\/269570","targetHints":{"allow":["GET"]}}],"collection":[{"href":"https:\/\/www.pcnen.com\/portal\/wp-json\/wp\/v2\/posts"}],"about":[{"href":"https:\/\/www.pcnen.com\/portal\/wp-json\/wp\/v2\/types\/post"}],"author":[{"embeddable":true,"href":"https:\/\/www.pcnen.com\/portal\/wp-json\/wp\/v2\/users\/1"}],"replies":[{"embeddable":true,"href":"https:\/\/www.pcnen.com\/portal\/wp-json\/wp\/v2\/comments?post=269570"}],"version-history":[{"count":0,"href":"https:\/\/www.pcnen.com\/portal\/wp-json\/wp\/v2\/posts\/269570\/revisions"}],"wp:attachment":[{"href":"https:\/\/www.pcnen.com\/portal\/wp-json\/wp\/v2\/media?parent=269570"}],"wp:term":[{"taxonomy":"category","embeddable":true,"href":"https:\/\/www.pcnen.com\/portal\/wp-json\/wp\/v2\/categories?post=269570"},{"taxonomy":"post_tag","embeddable":true,"href":"https:\/\/www.pcnen.com\/portal\/wp-json\/wp\/v2\/tags?post=269570"}],"curies":[{"name":"wp","href":"https:\/\/api.w.org\/{rel}","templated":true}]}}