{"id":269556,"date":"2019-07-09T00:03:50","date_gmt":"2019-07-08T22:03:50","guid":{"rendered":"http:\/\/www.pcnen.com\/portal\/?p=269556"},"modified":"2019-07-09T00:03:50","modified_gmt":"2019-07-08T22:03:50","slug":"haradinaj-uskoro-sastanak-komisije-za-razmatranje-demarkacije-sa-cg","status":"publish","type":"post","link":"https:\/\/www.pcnen.com\/portal\/2019\/07\/09\/haradinaj-uskoro-sastanak-komisije-za-razmatranje-demarkacije-sa-cg\/","title":{"rendered":"Haradinaj: Uskoro sastanak komisije za razmatranje demarkacije sa CG"},"content":{"rendered":"<p><img loading=\"lazy\" decoding=\"async\" class=\"size-full wp-image-235939 alignleft\" src=\"http:\/\/www.pcnen.com\/portal\/wp-content\/uploads\/2017\/11\/granica-cg-kosovo-e1509966955204.jpg\" alt=\"\" width=\"300\" height=\"177\" \/>Premijer Kosova Ramu\u0161 Haradinaj je upoznao javnost da \u0107e se me\u0111udr\u017eavne komisije Kosova i Crne Gore uskoro sastati da bi ponovo razmotrile demarkaciju u pravcu Kule i \u010cakora.<\/p>\n<p>&#8220;Me\u0111udr\u017eavne komisije \u0107e se uskoro sastati radi ponovnog razmatranja demarkacije u pravcu Kule i \u010cakora! O pitanju ponovnog razmatranja sporazuma o demarkaciji granice s Crnom Gorom, u mnogim slu\u010dajevima, s punim povjerenjem, razgovarao sam s mojim crnogorskim kolegom Du\u0161kom Markovi\u0107em. Kosovo i Crna Gora su spremne da formiraju\u00a0 komisije za razmatranje demarkacije u pravcu Kule i \u010cakora. I tokom Samita zemalja Zapadnog Balkana u Poznanju sa premijerom Crne Gore potvrdili smo spremnost da komisije po\u010dnu s radom u optimalnom roku i da se uskoro otvori grani\u010dni prelaz na \u010cakoru i Kuli. Zhvaljujem se mom kolegi Du\u0161ku Markovi\u0107u za konstruktivni prilog i izra\u017eenu volju za ja\u010danje prijateljstva i saradnje izme\u0111u na\u0161e dvije dr\u017eave&#8221;, napisao je Haradinaj na Facebooku, prenosi info-ks.net.<\/p>\n<p>Crna Gora je krajem avgusta 2015. godine <a href=\"http:\/\/www.pcnen.com\/portal\/2015\/08\/26\/potpisan-sporazum-o-granici-sa-kosovom\/\">potpisala u Be\u010du<\/a> Sporazum o granici sa Kosovom. Sporazum su potpisali tada\u0161nji crnogorski ministar spoljnih poslova Igor Luk\u0161i\u0107 i tada\u0161nji ministar unutra\u0161njih poslova Ra\u0161ko Konjevi\u0107 sa tada\u0161njim zamjenikom premijera i ministrom spoljnih poslova Kosova Ha\u0161imom Ta\u010dijem i tada\u0161njim kosovskim ministarom unutra\u0161njih poslova Skenderom Hisenijem.<\/p>\n<p>Granicu utvr\u0111nu sporazumom <a href=\"http:\/\/www.pcnen.com\/portal\/2016\/08\/31\/kurti-zaustavljamo-demarkaciju-sa-crnom-gorom\/\">osporavaju neke od politi\u010dkih partija<\/a> na Kosovu, zbog \u010dega nikada nije ratifikovan u kosovskom parlamentu,<\/p>\n","protected":false},"excerpt":{"rendered":"<p>&#8220;Me\u0111udr\u017eavne komisije \u0107e se uskoro sastati radi ponovnog razmatranja demarkacije u pravcu Kule i \u010cakora&#8221;<\/p>\n","protected":false},"author":1,"featured_media":0,"comment_status":"open","ping_status":"closed","sticky":false,"template":"","format":"standard","meta":{"_seopress_robots_primary_cat":"","_seopress_titles_title":"","_seopress_titles_desc":"","_seopress_robots_index":"","_et_pb_use_builder":"","_et_pb_old_content":"","_et_gb_content_width":"","inline_featured_image":false,"footnotes":""},"categories":[14,12],"tags":[],"class_list":["post-269556","post","type-post","status-publish","format-standard","hentry","category-vijesti","category-prica-dana"],"_links":{"self":[{"href":"https:\/\/www.pcnen.com\/portal\/wp-json\/wp\/v2\/posts\/269556","targetHints":{"allow":["GET"]}}],"collection":[{"href":"https:\/\/www.pcnen.com\/portal\/wp-json\/wp\/v2\/posts"}],"about":[{"href":"https:\/\/www.pcnen.com\/portal\/wp-json\/wp\/v2\/types\/post"}],"author":[{"embeddable":true,"href":"https:\/\/www.pcnen.com\/portal\/wp-json\/wp\/v2\/users\/1"}],"replies":[{"embeddable":true,"href":"https:\/\/www.pcnen.com\/portal\/wp-json\/wp\/v2\/comments?post=269556"}],"version-history":[{"count":0,"href":"https:\/\/www.pcnen.com\/portal\/wp-json\/wp\/v2\/posts\/269556\/revisions"}],"wp:attachment":[{"href":"https:\/\/www.pcnen.com\/portal\/wp-json\/wp\/v2\/media?parent=269556"}],"wp:term":[{"taxonomy":"category","embeddable":true,"href":"https:\/\/www.pcnen.com\/portal\/wp-json\/wp\/v2\/categories?post=269556"},{"taxonomy":"post_tag","embeddable":true,"href":"https:\/\/www.pcnen.com\/portal\/wp-json\/wp\/v2\/tags?post=269556"}],"curies":[{"name":"wp","href":"https:\/\/api.w.org\/{rel}","templated":true}]}}