{"id":269553,"date":"2019-07-08T22:56:59","date_gmt":"2019-07-08T20:56:59","guid":{"rendered":"http:\/\/www.pcnen.com\/portal\/?p=269553"},"modified":"2019-07-08T22:56:59","modified_gmt":"2019-07-08T20:56:59","slug":"ponegdje-moguce-nepogode","status":"publish","type":"post","link":"https:\/\/www.pcnen.com\/portal\/2019\/07\/08\/ponegdje-moguce-nepogode\/","title":{"rendered":"Ponegdje mogu\u0107e nepogode"},"content":{"rendered":"<p><img loading=\"lazy\" decoding=\"async\" class=\"size-full wp-image-153146 alignleft\" src=\"http:\/\/www.pcnen.com\/portal\/wp-content\/uploads\/2014\/07\/rastovacki-potok-e1556472598333.jpg\" alt=\"\" width=\"300\" height=\"149\" \/>Promjenljivo obla\u010dno bi\u0107e u utorak, s tim \u0161to \u0107e na jugu Crne Gore biti dosta sun\u010danih intervala.<\/p>\n<p>Ki\u0161e ili pljuska pra\u0107enog grmljavinom bi\u0107e uglavnom u kontinentalnim djelovima zemlje, prvenstveno u drugom dijelu dana. Ponegdje \u0107e biti mogu\u0107e i kratkotrajne vremenske nepogode.<\/p>\n<p>Vjetar promjenljivog smjera bi\u0107e slab do umjeren.<\/p>\n<p>Jutarnja temperatura vazduha bi\u0107e u rasponu od 10 do 23, a najvi\u0161a dnevna od 20 do 34 stepena.<\/p>\n<p>U Podgorici \u0107e biti promjenljivo obla\u010dno sa sun\u010danim intervalima; ppodne ili nave\u010de bi\u0107e uslova za ki\u0161u ili kratkotrajan pljusak i grmljavinu. Promjenljiv vjetar bi\u0107e slab do umjeren. Jutarnja temperatura vazduha bi\u0107e oko 22, a najvi\u0161a dnevna oko 33 stepena.<\/p>\n<p><a href=\"http:\/\/www.meteo.co.me\/misc.php?text=121&amp;sektor=1&amp;grad=NIK\" target=\"_blank\" rel=\"noopener\">Prognoza za ostale gradove.<\/a><\/p>\n","protected":false},"excerpt":{"rendered":"<p>Na jugu Crne Gore bi\u0107e dosta sun\u010danih intervala<\/p>\n","protected":false},"author":1,"featured_media":0,"comment_status":"open","ping_status":"closed","sticky":false,"template":"","format":"standard","meta":{"_seopress_robots_primary_cat":"","_seopress_titles_title":"","_seopress_titles_desc":"","_seopress_robots_index":"","_et_pb_use_builder":"","_et_pb_old_content":"","_et_gb_content_width":"","inline_featured_image":false,"footnotes":""},"categories":[14,12],"tags":[],"class_list":["post-269553","post","type-post","status-publish","format-standard","hentry","category-vijesti","category-prica-dana"],"_links":{"self":[{"href":"https:\/\/www.pcnen.com\/portal\/wp-json\/wp\/v2\/posts\/269553","targetHints":{"allow":["GET"]}}],"collection":[{"href":"https:\/\/www.pcnen.com\/portal\/wp-json\/wp\/v2\/posts"}],"about":[{"href":"https:\/\/www.pcnen.com\/portal\/wp-json\/wp\/v2\/types\/post"}],"author":[{"embeddable":true,"href":"https:\/\/www.pcnen.com\/portal\/wp-json\/wp\/v2\/users\/1"}],"replies":[{"embeddable":true,"href":"https:\/\/www.pcnen.com\/portal\/wp-json\/wp\/v2\/comments?post=269553"}],"version-history":[{"count":0,"href":"https:\/\/www.pcnen.com\/portal\/wp-json\/wp\/v2\/posts\/269553\/revisions"}],"wp:attachment":[{"href":"https:\/\/www.pcnen.com\/portal\/wp-json\/wp\/v2\/media?parent=269553"}],"wp:term":[{"taxonomy":"category","embeddable":true,"href":"https:\/\/www.pcnen.com\/portal\/wp-json\/wp\/v2\/categories?post=269553"},{"taxonomy":"post_tag","embeddable":true,"href":"https:\/\/www.pcnen.com\/portal\/wp-json\/wp\/v2\/tags?post=269553"}],"curies":[{"name":"wp","href":"https:\/\/api.w.org\/{rel}","templated":true}]}}