{"id":269536,"date":"2019-07-08T14:24:11","date_gmt":"2019-07-08T12:24:11","guid":{"rendered":"http:\/\/www.pcnen.com\/portal\/?p=269536"},"modified":"2019-07-08T14:24:11","modified_gmt":"2019-07-08T12:24:11","slug":"dvije-od-pet-zena-u-crnoj-gori-su-zrtve-nasilja","status":"publish","type":"post","link":"https:\/\/www.pcnen.com\/portal\/2019\/07\/08\/dvije-od-pet-zena-u-crnoj-gori-su-zrtve-nasilja\/","title":{"rendered":"Dvije od pet \u017eena u Crnoj Gori su \u017ertve nasilja"},"content":{"rendered":"<p><img loading=\"lazy\" decoding=\"async\" class=\"size-full wp-image-68142 alignleft\" src=\"http:\/\/www.pcnen.com\/portal\/wp-content\/uploads\/2011\/11\/nasilje-nad-zenama-e1543064522311.jpg\" alt=\"\" width=\"300\" height=\"180\" \/>Dvije od pet \u017eena u Crnoj Gori su do\u017eivjele neki oblik nasilja od svog partnera ili nekog drugog \u010dlana dru\u0161tva, dok njih 62 posto smatra da je nasilje nad \u017eenama uobi\u010dajeno, pokazalo je istra\u017eivanje OEBS &#8216;Dobrobit i bezbjednost \u017eena&#8217;, koje je danas predstavljeno u Podgorici.<\/p>\n<p>U istra\u017eivanju je u\u010destvovalo 1227 \u017eena, uzrasta od 18 do 74 godine.<\/p>\n<p>Projekt menad\u017eerka Odjeljenja za rodnu ravnopravnost OEBS Serani Siegel navela je da je istra\u017eivanje pokazalo da je veliki broj \u017eena u Crnoj Gori do\u017eivio seksualno ili psihi\u010dko nasilje, ali da je veoma mali broj to i prijavio.<\/p>\n<p>&#8220;Mnoge \u017eene se ne osje\u0107aju informisanim o tome \u0161ta treba da rade ukoliko do\u017eive nasilje&#8221;, kazala je Siegel, prenosi RSE.<\/p>\n<p>Vi\u0161e od \u0161est od deset ispitanica smatra da je nasilje nad \u017eenama \u010desto (62 odsto), a skoro \u010detvrtina (23 odsto) smatra da je ono veoma \u010desto.<\/p>\n<p>Otprilike \u010detvrtina (26 odsto) poznaje nekoga u svojoj porodici, me\u0111u prijateljima i u svom susjedstvu ko je izlo\u017een nasilju.<\/p>\n<p>Istra\u017eivanje OEBS pokazalo je da se od \u017eena u crnogorskom dru\u0161tvu i dalje o\u010dekuje da ispune tradicionalne uloge i da se pona\u0161aju na odre\u0111eni na\u010din, da uvijek dobro izgledaju, da se udaju mlade i da nemaju vi\u0161e seksualnih partnera, da se brinu o porodici i da su odgovorne za odr\u017eavanje doma\u0107instva.<\/p>\n","protected":false},"excerpt":{"rendered":"<p>Istra\u017eivanje OEBS pokazalo je da se od \u017eena u crnogorskom dru\u0161tvu i dalje o\u010dekuje da ispune tradicionalne uloge<\/p>\n","protected":false},"author":1,"featured_media":0,"comment_status":"open","ping_status":"closed","sticky":false,"template":"","format":"standard","meta":{"_seopress_robots_primary_cat":"","_seopress_titles_title":"","_seopress_titles_desc":"","_seopress_robots_index":"","_et_pb_use_builder":"","_et_pb_old_content":"","_et_gb_content_width":"","inline_featured_image":false,"footnotes":""},"categories":[14,12],"tags":[],"class_list":["post-269536","post","type-post","status-publish","format-standard","hentry","category-vijesti","category-prica-dana"],"_links":{"self":[{"href":"https:\/\/www.pcnen.com\/portal\/wp-json\/wp\/v2\/posts\/269536","targetHints":{"allow":["GET"]}}],"collection":[{"href":"https:\/\/www.pcnen.com\/portal\/wp-json\/wp\/v2\/posts"}],"about":[{"href":"https:\/\/www.pcnen.com\/portal\/wp-json\/wp\/v2\/types\/post"}],"author":[{"embeddable":true,"href":"https:\/\/www.pcnen.com\/portal\/wp-json\/wp\/v2\/users\/1"}],"replies":[{"embeddable":true,"href":"https:\/\/www.pcnen.com\/portal\/wp-json\/wp\/v2\/comments?post=269536"}],"version-history":[{"count":0,"href":"https:\/\/www.pcnen.com\/portal\/wp-json\/wp\/v2\/posts\/269536\/revisions"}],"wp:attachment":[{"href":"https:\/\/www.pcnen.com\/portal\/wp-json\/wp\/v2\/media?parent=269536"}],"wp:term":[{"taxonomy":"category","embeddable":true,"href":"https:\/\/www.pcnen.com\/portal\/wp-json\/wp\/v2\/categories?post=269536"},{"taxonomy":"post_tag","embeddable":true,"href":"https:\/\/www.pcnen.com\/portal\/wp-json\/wp\/v2\/tags?post=269536"}],"curies":[{"name":"wp","href":"https:\/\/api.w.org\/{rel}","templated":true}]}}