{"id":269533,"date":"2019-07-08T13:24:14","date_gmt":"2019-07-08T11:24:14","guid":{"rendered":"http:\/\/www.pcnen.com\/portal\/?p=269533"},"modified":"2019-07-08T13:25:13","modified_gmt":"2019-07-08T11:25:13","slug":"ura-zasto-se-cekalo-15-mjeseci-za-sanaciju-piste-aerodroma-u-tivtu","status":"publish","type":"post","link":"https:\/\/www.pcnen.com\/portal\/2019\/07\/08\/ura-zasto-se-cekalo-15-mjeseci-za-sanaciju-piste-aerodroma-u-tivtu\/","title":{"rendered":"URA: Za\u0161to se \u010dekalo 15 mjeseci za sanaciju piste aerodroma u Tivtu"},"content":{"rendered":"<p><img loading=\"lazy\" decoding=\"async\" class=\" wp-image-226920 alignleft\" src=\"http:\/\/www.pcnen.com\/portal\/wp-content\/uploads\/2017\/05\/aerodrom-tivat.jpg\" alt=\"\" width=\"248\" height=\"165\" \/>Gra\u0111anski pokreta URA je obradovan vije\u0161\u0107u da \u0107e po\u010deti primarna sanacija poletno-sletne piste tivatskog aerodroma, saop\u0161tili su iz ove opozicione parlamentarne partije. URA je navela i da je njihov krajnji cilj <a href=\"http:\/\/www.pcnen.com\/portal\/2019\/04\/23\/ura-upozorava-da-nam-se-ne-desi-i-avion-neprebola\/\">objelodanjivanja ovog problema<\/a> krajem aprila ove godine bio upravo da natjeraju nadle\u017ene da saniraju pistu i otklone evidentna o\u0161te\u0107enja na njoj.<\/p>\n<p>URA pita direktora tivatskog aerodrome Rada Mari\u0107a \u201czbog \u010dega se \u010dekalo petnaest mjeseci da se odradi primarna sanacija, ako je za istu potrebno, kako su iz Aerodroma Tivat ustvrdili, svega \u0161est dana\u201c.<\/p>\n<p>\u201cDa je bilo manje sujete i vi\u0161e profesionalne odgovornosti nadle\u017enih, ovaj problem bi se mogao po\u010deti rje\u0161avati i van samog \u0161pica sezone. Ovako, izgubljeno je vrijeme na neosnovane i neutemeljene kvalifikacije nadle\u017enih iz Aerodroma da smo iz URE imali samo lo\u0161u namjeru i da nam je cilj bio da sabotiramo rad Aerodroma u turisti\u010dkoj sezoni. Koliko je argumentacija nadle\u017enih iz Aerodroma bila nevalidna u dijelu da sigurnost putnika i zaposlenih nije ugr\u017eena pokazuje i \u010dinjenica da su primorani da radove izvode u \u0161picu turisti\u010dke sezone\u201d, kazao je Izvr\u0161ni direktor URA, Zoran Miki\u0107.<\/p>\n<p>On je izrazio nadu da \u0107e brzo biti temeljno rekonstruisana poletno-sletna staza, po\u0161to \u201cna istoj za 40 godina ni\u0161ta\u00a0 nije ra\u0111eno\u201c.<\/p>\n<p>On vjeruje da \u0107e nadle\u017eni pravosudni organi procesuirati prijave URA protiv nadle\u017enih u Aerodromima Crne Gore.<\/p>\n<p>Direktor Aerodroma Crne Gore Danilo Orlandi\u0107 je javni istup URA u vezi sa stanjem poletno-sletne piste aerodroma u Tivtu ocijenio kao senzacionalisti\u010dki i kao poku\u0161aj kompromitacije dr\u017eave Crne Gore i ugro\u017eavanje njene rastu\u0107e ekonomije kao i poslovanja kompanije.<\/p>\n<p>\u201cZbog neistinith tvrdnji koje su iznesene, podnije\u0107emo krivi\u010dne prijave protiv aktera dana\u0161nje konferencije za medije\u201d, <a href=\"http:\/\/www.pcnen.com\/portal\/2019\/04\/23\/aerodromi-cg-ce-tuziti-ura\/\">poru\u010dio je Orlandi\u0107 u aprilu ove godine.<\/a><\/p>\n","protected":false},"excerpt":{"rendered":"<p>Gra\u0111anski pokreta URA je obradovan vije\u0161\u0107u da \u0107e po\u010deti primarna sanacija poletno-sletne piste tivatskog aerodroma, saop\u0161tili su iz ove opozicione parlamentarne partije. URA je navela i da je njihov krajnji cilj objelodanjivanja ovog problema krajem aprila ove godine bio upravo da natjeraju nadle\u017ene da saniraju pistu i otklone evidentna o\u0161te\u0107enja na njoj. URA pita direktora [&hellip;]<\/p>\n","protected":false},"author":1,"featured_media":0,"comment_status":"open","ping_status":"closed","sticky":false,"template":"","format":"standard","meta":{"_seopress_robots_primary_cat":"","_seopress_titles_title":"","_seopress_titles_desc":"","_seopress_robots_index":"","_et_pb_use_builder":"","_et_pb_old_content":"","_et_gb_content_width":"","inline_featured_image":false,"footnotes":""},"categories":[14,12],"tags":[],"class_list":["post-269533","post","type-post","status-publish","format-standard","hentry","category-vijesti","category-prica-dana"],"_links":{"self":[{"href":"https:\/\/www.pcnen.com\/portal\/wp-json\/wp\/v2\/posts\/269533","targetHints":{"allow":["GET"]}}],"collection":[{"href":"https:\/\/www.pcnen.com\/portal\/wp-json\/wp\/v2\/posts"}],"about":[{"href":"https:\/\/www.pcnen.com\/portal\/wp-json\/wp\/v2\/types\/post"}],"author":[{"embeddable":true,"href":"https:\/\/www.pcnen.com\/portal\/wp-json\/wp\/v2\/users\/1"}],"replies":[{"embeddable":true,"href":"https:\/\/www.pcnen.com\/portal\/wp-json\/wp\/v2\/comments?post=269533"}],"version-history":[{"count":0,"href":"https:\/\/www.pcnen.com\/portal\/wp-json\/wp\/v2\/posts\/269533\/revisions"}],"wp:attachment":[{"href":"https:\/\/www.pcnen.com\/portal\/wp-json\/wp\/v2\/media?parent=269533"}],"wp:term":[{"taxonomy":"category","embeddable":true,"href":"https:\/\/www.pcnen.com\/portal\/wp-json\/wp\/v2\/categories?post=269533"},{"taxonomy":"post_tag","embeddable":true,"href":"https:\/\/www.pcnen.com\/portal\/wp-json\/wp\/v2\/tags?post=269533"}],"curies":[{"name":"wp","href":"https:\/\/api.w.org\/{rel}","templated":true}]}}