{"id":269521,"date":"2019-07-08T11:02:32","date_gmt":"2019-07-08T09:02:32","guid":{"rendered":"http:\/\/www.pcnen.com\/portal\/?p=269521"},"modified":"2019-07-08T12:46:16","modified_gmt":"2019-07-08T10:46:16","slug":"kotor-ponovo-smijenjen-vladimir-jokic","status":"publish","type":"post","link":"https:\/\/www.pcnen.com\/portal\/2019\/07\/08\/kotor-ponovo-smijenjen-vladimir-jokic\/","title":{"rendered":"Kotor: Ponovo smijenjen Vladimir Joki\u0107"},"content":{"rendered":"<p><img loading=\"lazy\" decoding=\"async\" class=\"alignright size-full wp-image-269530\" src=\"http:\/\/www.pcnen.com\/portal\/wp-content\/uploads\/2019\/07\/Vladimir-Jokic.jpg\" alt=\"\" width=\"300\" height=\"199\" \/>Nova odborni\u010dka ve\u0107ina u Skup\u0161tini op\u0161tine Kotor smijenila je Vladimira Joki\u0107a s funkcije predsjednika Op\u0161tine.<\/p>\n<p>Sjednici lokalnog parlamenta, kako je to ranije i najavio, nije prisustvovao Joki\u0107, koji je kazao da je ona &#8220;zakazana protivno zakonu&#8221;.<\/p>\n<p>Joki\u0107 je smijenjen glasovima odbornika DPS-a, Socijaldemokrata (SD), Liberalne partije (LP), Hrvatske gra\u0111anske inicijative (HGI) i biv\u0161e odbornice SDP-a Brune Lon\u010darevi\u0107.<\/p>\n<p>Joki\u0107 je u nedjelju uputio <a href=\"http:\/\/www.pcnen.com\/portal\/2019\/07\/07\/istorija-ne-pocinje-i-ne-zavrsava-sa-nama\/\">otvoreno pismo premijeru Du\u0161ku <\/a>Markovi\u0107u u kome ga je optu\u017eio da je prekr\u0161io zakon jer nije raspustio Skup\u0161tinu op\u0161tine, podsje\u0107a Mina.<\/p>\n<p>Joki\u0107 je najavio da \u0107e se zbog toga obratiti sudovima.<\/p>\n<p>Upravni sud Crne Gore je u junu <a href=\"http:\/\/www.pcnen.com\/portal\/2019\/06\/11\/up-cg-ponistio-odluku-o-smjeni-jokica\/\">poni\u0161tio odluku o smjeni <\/a>predsjednika Op\u0161tine Kotor Vladimira Joki\u0107a koji je razrije\u0161en sa te funkcije 24. aprila, glasovima Socijaldemokratske partije, Demokratske partije socijalista, Hrvatske gra\u0111anske inicijative, Liberalne partije i Socijaldemokrata.<\/p>\n","protected":false},"excerpt":{"rendered":"<p>Sjednici lokalnog parlamenta, kako je to ranije i najavio, nije prisustvovao Joki\u0107, koji je kazao da je ona &#8220;zakazana protivno zakonu&#8221;<\/p>\n","protected":false},"author":1,"featured_media":0,"comment_status":"open","ping_status":"closed","sticky":false,"template":"","format":"standard","meta":{"_seopress_robots_primary_cat":"","_seopress_titles_title":"","_seopress_titles_desc":"","_seopress_robots_index":"","_et_pb_use_builder":"","_et_pb_old_content":"","_et_gb_content_width":"","inline_featured_image":false,"footnotes":""},"categories":[14,12],"tags":[],"class_list":["post-269521","post","type-post","status-publish","format-standard","hentry","category-vijesti","category-prica-dana"],"_links":{"self":[{"href":"https:\/\/www.pcnen.com\/portal\/wp-json\/wp\/v2\/posts\/269521","targetHints":{"allow":["GET"]}}],"collection":[{"href":"https:\/\/www.pcnen.com\/portal\/wp-json\/wp\/v2\/posts"}],"about":[{"href":"https:\/\/www.pcnen.com\/portal\/wp-json\/wp\/v2\/types\/post"}],"author":[{"embeddable":true,"href":"https:\/\/www.pcnen.com\/portal\/wp-json\/wp\/v2\/users\/1"}],"replies":[{"embeddable":true,"href":"https:\/\/www.pcnen.com\/portal\/wp-json\/wp\/v2\/comments?post=269521"}],"version-history":[{"count":0,"href":"https:\/\/www.pcnen.com\/portal\/wp-json\/wp\/v2\/posts\/269521\/revisions"}],"wp:attachment":[{"href":"https:\/\/www.pcnen.com\/portal\/wp-json\/wp\/v2\/media?parent=269521"}],"wp:term":[{"taxonomy":"category","embeddable":true,"href":"https:\/\/www.pcnen.com\/portal\/wp-json\/wp\/v2\/categories?post=269521"},{"taxonomy":"post_tag","embeddable":true,"href":"https:\/\/www.pcnen.com\/portal\/wp-json\/wp\/v2\/tags?post=269521"}],"curies":[{"name":"wp","href":"https:\/\/api.w.org\/{rel}","templated":true}]}}