{"id":269452,"date":"2019-07-06T21:01:37","date_gmt":"2019-07-06T19:01:37","guid":{"rendered":"http:\/\/www.pcnen.com\/portal\/?p=269452"},"modified":"2019-07-06T21:01:37","modified_gmt":"2019-07-06T19:01:37","slug":"u-planinama-popodne-moguca-rijetka-kisa-ili-grmljavina","status":"publish","type":"post","link":"https:\/\/www.pcnen.com\/portal\/2019\/07\/06\/u-planinama-popodne-moguca-rijetka-kisa-ili-grmljavina\/","title":{"rendered":"U planinama popodne mogu\u0107a rijetka ki\u0161a ili grmljavina"},"content":{"rendered":"<p><img loading=\"lazy\" decoding=\"async\" class=\"alignright size-full wp-image-253110\" src=\"http:\/\/www.pcnen.com\/portal\/wp-content\/uploads\/2018\/09\/trcanje-plaza.jpg\" alt=\"\" width=\"300\" height=\"220\" \/>Sun\u010dano i veoma toplo bi\u0107e u nedjelju, i to uz slab do umjeren razvoj dnevne obla\u010dnosti.<\/p>\n<p>Na sjeveru Crne Gore \u0107e ujutru po kotlinama biti kratkotrajno magla, a poslije podne u planinama bi\u0107e \u00a0mogu\u0107a rijetka ki\u0161a ili grmljavina.<\/p>\n<p>Vjetar ju\u017eni bi\u0107e slab do umjeren, a u sjevernim krajevima Crne Gore i poja\u010dan.<\/p>\n<p>Jutarnja temperatura vazduha bi\u0107e u rasponu od 11 do 22, a najvi\u0161a dnevna od 26 do 37 stepeni.<\/p>\n<p>U Podgorici \u0107e biti prete\u017eno sun\u010dano i veoma toplo. Vjetar ju\u017eni i jugoisto\u010dni bi\u0107e slab do umjeren. Jutarnja temperatura vazduha bi\u0107e oko 22, a najvi\u0161a dnevna do 37 stepeni.<\/p>\n<p><a href=\"http:\/\/www.meteo.co.me\/misc.php?text=121&amp;sektor=1&amp;grad=DAN\">Prognoza za ostale gradove.<\/a><\/p>\n","protected":false},"excerpt":{"rendered":"<p>Jutarnja temperatura vazduha bi\u0107e u rasponu od 11 do 22, a najvi\u0161a dnevna od 26 do 37 stepeni<\/p>\n","protected":false},"author":1,"featured_media":0,"comment_status":"open","ping_status":"closed","sticky":false,"template":"","format":"standard","meta":{"_seopress_robots_primary_cat":"","_seopress_titles_title":"","_seopress_titles_desc":"","_seopress_robots_index":"","_et_pb_use_builder":"","_et_pb_old_content":"","_et_gb_content_width":"","inline_featured_image":false,"footnotes":""},"categories":[14,12],"tags":[],"class_list":["post-269452","post","type-post","status-publish","format-standard","hentry","category-vijesti","category-prica-dana"],"_links":{"self":[{"href":"https:\/\/www.pcnen.com\/portal\/wp-json\/wp\/v2\/posts\/269452","targetHints":{"allow":["GET"]}}],"collection":[{"href":"https:\/\/www.pcnen.com\/portal\/wp-json\/wp\/v2\/posts"}],"about":[{"href":"https:\/\/www.pcnen.com\/portal\/wp-json\/wp\/v2\/types\/post"}],"author":[{"embeddable":true,"href":"https:\/\/www.pcnen.com\/portal\/wp-json\/wp\/v2\/users\/1"}],"replies":[{"embeddable":true,"href":"https:\/\/www.pcnen.com\/portal\/wp-json\/wp\/v2\/comments?post=269452"}],"version-history":[{"count":0,"href":"https:\/\/www.pcnen.com\/portal\/wp-json\/wp\/v2\/posts\/269452\/revisions"}],"wp:attachment":[{"href":"https:\/\/www.pcnen.com\/portal\/wp-json\/wp\/v2\/media?parent=269452"}],"wp:term":[{"taxonomy":"category","embeddable":true,"href":"https:\/\/www.pcnen.com\/portal\/wp-json\/wp\/v2\/categories?post=269452"},{"taxonomy":"post_tag","embeddable":true,"href":"https:\/\/www.pcnen.com\/portal\/wp-json\/wp\/v2\/tags?post=269452"}],"curies":[{"name":"wp","href":"https:\/\/api.w.org\/{rel}","templated":true}]}}