{"id":269409,"date":"2019-07-05T10:50:16","date_gmt":"2019-07-05T08:50:16","guid":{"rendered":"http:\/\/www.pcnen.com\/portal\/?p=269409"},"modified":"2019-07-05T10:50:16","modified_gmt":"2019-07-05T08:50:16","slug":"rio-placao-da-bi-dobio-olimpijadu","status":"publish","type":"post","link":"https:\/\/www.pcnen.com\/portal\/2019\/07\/05\/rio-placao-da-bi-dobio-olimpijadu\/","title":{"rendered":"Rio pla\u0107ao da bi dobio Olimpijadu"},"content":{"rendered":"<p><img loading=\"lazy\" decoding=\"async\" class=\" wp-image-200505 alignleft\" src=\"http:\/\/www.pcnen.com\/portal\/wp-content\/uploads\/2016\/03\/OI-Rio-300x225.jpg\" alt=\"\" width=\"253\" height=\"190\" \/>Biv\u0161i guverner Rio de \u017deneira, glavnog rada Brazila, izjavio je na sudu da je kupovao glasove \u010dlanova Me\u0111unarodnog olimpijskog komiteta kako bi Rio postao doma\u0107in Ljetnih olimpijskih igara 2016, <a href=\"https:\/\/olympics.nbcsports.com\/2019\/07\/04\/rio-olympics-vote-bribes-sergio-cabral\/\">prenosi NBC.<\/a><\/p>\n<p>On je rekao da je 2009. potro\u0161io dva miliona dolara kupuju\u0107i \u0161est glasova za Rio \u2013 me\u0111u njima biv\u0161eg ukrajinskog skaka\u010da s motkom Sergeja Bubke i biv\u0161eg ruskog pliva\u010da Aleksandra Popova.<\/p>\n<p>Podmi\u0107ivanje je organizovano preko biv\u0161eg predsjednika Me\u0111unarodne atletske federacije (IAAF), Senegalca Lamina Dijaka.<\/p>\n","protected":false},"excerpt":{"rendered":"<p>Olimpijada kupljena i glasom slavnog skaka\u010da s motkom Bubke<\/p>\n","protected":false},"author":1,"featured_media":0,"comment_status":"open","ping_status":"closed","sticky":false,"template":"","format":"standard","meta":{"_seopress_robots_primary_cat":"","_seopress_titles_title":"","_seopress_titles_desc":"","_seopress_robots_index":"","_et_pb_use_builder":"","_et_pb_old_content":"","_et_gb_content_width":"","inline_featured_image":false,"footnotes":""},"categories":[14,12],"tags":[],"class_list":["post-269409","post","type-post","status-publish","format-standard","hentry","category-vijesti","category-prica-dana"],"_links":{"self":[{"href":"https:\/\/www.pcnen.com\/portal\/wp-json\/wp\/v2\/posts\/269409","targetHints":{"allow":["GET"]}}],"collection":[{"href":"https:\/\/www.pcnen.com\/portal\/wp-json\/wp\/v2\/posts"}],"about":[{"href":"https:\/\/www.pcnen.com\/portal\/wp-json\/wp\/v2\/types\/post"}],"author":[{"embeddable":true,"href":"https:\/\/www.pcnen.com\/portal\/wp-json\/wp\/v2\/users\/1"}],"replies":[{"embeddable":true,"href":"https:\/\/www.pcnen.com\/portal\/wp-json\/wp\/v2\/comments?post=269409"}],"version-history":[{"count":0,"href":"https:\/\/www.pcnen.com\/portal\/wp-json\/wp\/v2\/posts\/269409\/revisions"}],"wp:attachment":[{"href":"https:\/\/www.pcnen.com\/portal\/wp-json\/wp\/v2\/media?parent=269409"}],"wp:term":[{"taxonomy":"category","embeddable":true,"href":"https:\/\/www.pcnen.com\/portal\/wp-json\/wp\/v2\/categories?post=269409"},{"taxonomy":"post_tag","embeddable":true,"href":"https:\/\/www.pcnen.com\/portal\/wp-json\/wp\/v2\/tags?post=269409"}],"curies":[{"name":"wp","href":"https:\/\/api.w.org\/{rel}","templated":true}]}}