{"id":269408,"date":"2019-07-05T10:56:36","date_gmt":"2019-07-05T08:56:36","guid":{"rendered":"http:\/\/www.pcnen.com\/portal\/?p=269408"},"modified":"2019-10-09T22:38:03","modified_gmt":"2019-10-09T20:38:03","slug":"koalicija","status":"publish","type":"post","link":"https:\/\/www.pcnen.com\/portal\/2019\/07\/05\/koalicija\/","title":{"rendered":"Koalicija"},"content":{"rendered":"<p>\u201eAbazovi\u0107 odbio Be\u010di\u0107ev poziv za formiranje Gra\u0111anskog bloka\u201c \u2013 naslov je dana\u0161njeg teksta u Vijestima. U tekstu se navode razlozi zbog kojih, \u201eprema pouzdanim saznanjima Vijesti\u201c, koalicija nije dogovorena.<\/p>\n<p>Od po\u010detka protesta povodom afere \u201eKoverat\u201c, sagledavanjem stvari unutar opozicije iz prve ruke (dogovori, pregovori, sastanci), takva koalicija mi se \u010dinila logi\u010dnom, prirodnom, alternativnom, mogu re\u0107i nephodnom. Smatrao sam da bi ona mogla biti sto\u017eer budu\u0107e velike op\u0161tegra\u0111anske koalicije kojoj bi se pridru\u017eivale i druge manje partije, udru\u017eenja, pojedinci i nestrana\u010dke li\u010dnosti. Najve\u0107u i najiskreniju podr\u0161ku protestima, bez ikakvih uslovljavanja, dale su, po mom mi\u0161ljenju, upravo ove dvije partije. U svakom momentu, li\u010dno sam imao slobodu da im se obratim za bilo koju vrstu pomo\u0107i u vezi protesta. I dobijem je istog \u010dasa.<\/p>\n<p>Za na\u0161e politi\u010dke (ne)prilike, fascinirala me je organizovanost Demokrata, ozbiljnost, brzina odgovora na zahtjeve, ljudstvo koje bi okupili u tren. Ali je tu bilo i neke, za moje poimanje, odvi\u0161e vojni\u010dke discipline, iako nekad neophodne. Za razliku od Demokrata, URA ima onu \u0161irinu, neobaveznost i za partijsko ustrojstvo nekarakteristi\u010dnu labavost, koja fali Demokratama. Cijena toga je ni pribli\u017ena organizovanost kakvu imaju Demokrate. Izvanredna dopuna jednih drugim, rekao bih.<\/p>\n<p>Demokratama se spo\u010ditava da su im \u010dlanstvo i simpatizeri dominantno prosrpske orjentacije, URI je \u010dlanstvo dominantno procrngorsko, uz izra\u017eenu manjinsku zastupljenost. I jedni i drugi su, po mom mi\u0161ljenju, napravili dovoljan otklon od ekstremnog srpstva, odnosno ekstremnog crnogorstva. \u00a0To je jo\u0161 jedan dobar osnov da ove dvije partije budu sto\u017eer istinskog i velikog gra\u0111anskog bloka koji bi se stalno \u0161irio.<\/p>\n<p>I Demokrate i URA su u stalnom i principijelnom bojkotu parlamenta zbog nelegitimnih izbora, \u0161to je zahtjev i \u017eelja skoro svih opozicionih glasa\u010da. Skoro sam siguran da bi takav blok bio spreman, \u00a0odlu\u010dan i nepopustljiv u bojkotu narednih izbora, te za jaku vanistitucionalnu borbu i otpor, ako se ne ispune osnovni uslovi \u00a0iz Sporazuma o budu\u0107nosti. Vlast bi, najzad, naspram sebe imala respektabilnu snagu koju ne bi mogla pecati po pitanjima nacije, crkve, zastave, himne i sli\u010dnih kukavi\u010djih jaja. I snagu koja bi vlast mogla da uslovljava ispunjenjem uslova za u\u010de\u0161\u0107e na narednim izborima, na primjer.\u00a0 Opredjeljenje ovih partija za evropske vijednosti i integracije je nesporno i neupitno, te bi takav savez, siguran sam, ubrzo dobio punu podr\u0161ku me\u0111unarodnih faktora.<\/p>\n<p>Stvaranje jakog op\u0161etgra\u0111anskog bloka je jedna od poslednjih \u0161ansi za Crnu Goru. Za takav projekat treba \u017ertvovati dio li\u010dnih, parcijalnih i partijskih interesa, pokazati \u0161irinu, volju i \u017eelju, kako bi se svima povratila nada makar. Broj poslani\u010dkih mandata partija i mjesto na listi ne mo\u017ee i ne smije biti prepreka za tako ne\u0161to. Koalicija ili blok morala bi uklju\u010diti i nekoliko respektabilnih nestrana\u010dkih li\u010dnosti. \u010cak bi nosilac liste, mi\u0161ljenja sam, trebao biti nestrana\u010dka li\u010dnost, a drugi i tre\u0107i na listi bi trebali biti Be\u0107i\u0107 i Abazovi\u0107.<\/p>\n<p>Kakva bi tek to poruka bila!?<\/p>\n<p>Du\u017enost svih nas, u tom slu\u010daju je, da svim snagama i kapacitetima podr\u017eimo takvu koaliciju ili blok, a ne da sjedimo sa strane, mudrujemo i djelimo savjete iz svojih fotelja.<\/p>\n","protected":false},"excerpt":{"rendered":"<p>Pi\u0161e: Omer \u0160ARKI\u0106<\/p>\n","protected":false},"author":12,"featured_media":0,"comment_status":"open","ping_status":"closed","sticky":false,"template":"","format":"standard","meta":{"_seopress_robots_primary_cat":"","_seopress_titles_title":"","_seopress_titles_desc":"","_seopress_robots_index":"","_et_pb_use_builder":"","_et_pb_old_content":"","_et_gb_content_width":"","inline_featured_image":false,"footnotes":""},"categories":[17],"tags":[],"class_list":["post-269408","post","type-post","status-publish","format-standard","hentry","category-blogovi"],"_links":{"self":[{"href":"https:\/\/www.pcnen.com\/portal\/wp-json\/wp\/v2\/posts\/269408","targetHints":{"allow":["GET"]}}],"collection":[{"href":"https:\/\/www.pcnen.com\/portal\/wp-json\/wp\/v2\/posts"}],"about":[{"href":"https:\/\/www.pcnen.com\/portal\/wp-json\/wp\/v2\/types\/post"}],"author":[{"embeddable":true,"href":"https:\/\/www.pcnen.com\/portal\/wp-json\/wp\/v2\/users\/12"}],"replies":[{"embeddable":true,"href":"https:\/\/www.pcnen.com\/portal\/wp-json\/wp\/v2\/comments?post=269408"}],"version-history":[{"count":0,"href":"https:\/\/www.pcnen.com\/portal\/wp-json\/wp\/v2\/posts\/269408\/revisions"}],"wp:attachment":[{"href":"https:\/\/www.pcnen.com\/portal\/wp-json\/wp\/v2\/media?parent=269408"}],"wp:term":[{"taxonomy":"category","embeddable":true,"href":"https:\/\/www.pcnen.com\/portal\/wp-json\/wp\/v2\/categories?post=269408"},{"taxonomy":"post_tag","embeddable":true,"href":"https:\/\/www.pcnen.com\/portal\/wp-json\/wp\/v2\/tags?post=269408"}],"curies":[{"name":"wp","href":"https:\/\/api.w.org\/{rel}","templated":true}]}}