{"id":269395,"date":"2019-07-05T07:47:04","date_gmt":"2019-07-05T05:47:04","guid":{"rendered":"http:\/\/www.pcnen.com\/portal\/?p=269395"},"modified":"2019-07-05T07:47:04","modified_gmt":"2019-07-05T05:47:04","slug":"samit-u-poznanju-deklaracija-o-popravljanju-polozaja-roma","status":"publish","type":"post","link":"https:\/\/www.pcnen.com\/portal\/2019\/07\/05\/samit-u-poznanju-deklaracija-o-popravljanju-polozaja-roma\/","title":{"rendered":"Samit u Poznanju: Deklaracija o popravljanju polo\u017eaja Roma"},"content":{"rendered":"<p><img loading=\"lazy\" decoding=\"async\" class=\"wp-image-232897 alignleft\" src=\"http:\/\/www.pcnen.com\/portal\/wp-content\/uploads\/2017\/09\/romi-biciklo-300x220.jpg\" alt=\"\" width=\"252\" height=\"185\" \/>Deklaraciju kojom \u0107e se vlade zapadnobalkanske \u0161estorke obavezati da u okviru procesa pro\u0161irenja EU poja\u010daju napore na postizanju pune jednakosti i integracije Roma u svojim zemljama bi\u0107e usvojena danas na sastanku premijera zapadnobalkanske \u0161estorke, poslednjeg dana Samita u Poznanju (Poljska) koji se odr\u017eava u okviru Berlinskog procesa.<\/p>\n<p>Ovaj dokument je ju\u010de na samitu predstavio Savjet za regionalnu saradnju.<\/p>\n<p>Potpisivanjem Deklaracije premijeri \u0107e se, izme\u0111u ostalog, obavezati da \u0107e raditi na pove\u0107anju stope zaposlenosti Roma, da \u0107e, gdje bude mogu\u0107e, legalizovati sva neformalna naselja u kojima Romi \u017eive ili obezbijediti trajan i pristojan smje\u0161taj Romima \u010dija neformalna naselja iz opravdanih razloga ne mogu da budu legalizovana.<\/p>\n<p>\u0160efovi vlada regiona Deklaracijom se obavezuju i da \u0107e na 90 odsto pove\u0107ati procenat Roma sa zavr\u0161enim osnovnim obrazovanjem, a na 50 odsto sa zavr\u0161enim srednjim obrazovanjem, i da \u0107e obezbijediti zdravstvenu za\u0161titu za najmanje 95 odsto romske populacije, prenosi Beta.<\/p>\n<p>Ja\u010danje dr\u017eavnih struktura za za\u0161titu Roma od diskriminacije tako\u0111e je jedan od ciljeva na koji se premijeri obavezuju, kao i uspostavljanje zvani\u010dnih kanala i mehanizama za zajedni\u010dko u\u010de\u0161\u0107e lokalnih vlasti i romskih zajednica u formulisanju politike, dono\u0161enju odluka i nadzoru napora preduzetih radi ostvarivanja ciljeva Deklaracije.<\/p>\n<p>Premijeri tako\u0111e pozivaju institucije EU da, izme\u0111u ostalog, pove\u017eu ciljeve postavljene Deklaracijom sa klju\u010dnim indikatorima za procenu napretka u okviru procesa pro\u0161irenja Unije.<\/p>\n","protected":false},"excerpt":{"rendered":"<p>Potpisivanjem Deklaracije, dr\u017eave Zapadnog Balkana \u0107e se, izme\u0111u ostalog, obavezati da \u0107e raditi na pove\u0107anju stope zaposlenosti Roma<\/p>\n","protected":false},"author":1,"featured_media":0,"comment_status":"open","ping_status":"closed","sticky":false,"template":"","format":"standard","meta":{"_seopress_robots_primary_cat":"","_seopress_titles_title":"","_seopress_titles_desc":"","_seopress_robots_index":"","_et_pb_use_builder":"","_et_pb_old_content":"","_et_gb_content_width":"","inline_featured_image":false,"footnotes":""},"categories":[14,12],"tags":[],"class_list":["post-269395","post","type-post","status-publish","format-standard","hentry","category-vijesti","category-prica-dana"],"_links":{"self":[{"href":"https:\/\/www.pcnen.com\/portal\/wp-json\/wp\/v2\/posts\/269395","targetHints":{"allow":["GET"]}}],"collection":[{"href":"https:\/\/www.pcnen.com\/portal\/wp-json\/wp\/v2\/posts"}],"about":[{"href":"https:\/\/www.pcnen.com\/portal\/wp-json\/wp\/v2\/types\/post"}],"author":[{"embeddable":true,"href":"https:\/\/www.pcnen.com\/portal\/wp-json\/wp\/v2\/users\/1"}],"replies":[{"embeddable":true,"href":"https:\/\/www.pcnen.com\/portal\/wp-json\/wp\/v2\/comments?post=269395"}],"version-history":[{"count":0,"href":"https:\/\/www.pcnen.com\/portal\/wp-json\/wp\/v2\/posts\/269395\/revisions"}],"wp:attachment":[{"href":"https:\/\/www.pcnen.com\/portal\/wp-json\/wp\/v2\/media?parent=269395"}],"wp:term":[{"taxonomy":"category","embeddable":true,"href":"https:\/\/www.pcnen.com\/portal\/wp-json\/wp\/v2\/categories?post=269395"},{"taxonomy":"post_tag","embeddable":true,"href":"https:\/\/www.pcnen.com\/portal\/wp-json\/wp\/v2\/tags?post=269395"}],"curies":[{"name":"wp","href":"https:\/\/api.w.org\/{rel}","templated":true}]}}