{"id":269391,"date":"2019-07-05T07:16:51","date_gmt":"2019-07-05T05:16:51","guid":{"rendered":"http:\/\/www.pcnen.com\/portal\/?p=269391"},"modified":"2019-07-05T07:16:51","modified_gmt":"2019-07-05T05:16:51","slug":"poslije-17-00-plazni-mobilijar-dzabe","status":"publish","type":"post","link":"https:\/\/www.pcnen.com\/portal\/2019\/07\/05\/poslije-17-00-plazni-mobilijar-dzabe\/","title":{"rendered":"Poslije 17.00, pla\u017eni mobilijar d\u017eabe"},"content":{"rendered":"<p><img loading=\"lazy\" decoding=\"async\" class=\"size-medium wp-image-224222 alignleft\" src=\"http:\/\/www.pcnen.com\/portal\/wp-content\/uploads\/2017\/04\/toples-plaza-300x220.jpg\" alt=\"\" width=\"300\" height=\"220\" \/>Morsko dobro je, uz saglasnost zakupaca pla\u017ea, od ove godine, kao ugovorenu odredbu, uvrstilo stavku da se pla\u017eni mobilijar ne napla\u0107uje poslije 17 sati.<\/p>\n<p>\u201cUva\u017eavaju\u0107i odre\u0111eni broj pritu\u017ebi, kako mje\u0161tana tako i gostiju koji posje\u0107uju crnogorsko primorje, Morsko dobro je uz saglasnost zakupaca od ove godine, kao ugovorenu odredbu, uvrstilo stavku da se pla\u017eni mobilijar ne napla\u0107uje poslije 17 sati\u201d, rekli su iz tog javnog preduze\u0107a za agenciju <a href=\"https:\/\/www.mina.news\/minabusiness\/bez-naplate-plaznog-mobilijara-nakon-17-sati\/\">Mina-business.<\/a><\/p>\n<p>Morsko dobro \u0107e u narednih nekoliko dana zavr\u0161iti izradu grafi\u010dkih folija koje \u0107e zakupci ista\u0107i na svojim informativnim tablama.<\/p>\n","protected":false},"excerpt":{"rendered":"<p>Morsko dobro \u0107e u narednih nekoliko dana zavr\u0161iti izradu grafi\u010dkih folija koje \u0107e zakupci ista\u0107i na svojim informativnim tablama<\/p>\n","protected":false},"author":1,"featured_media":0,"comment_status":"open","ping_status":"closed","sticky":false,"template":"","format":"standard","meta":{"_seopress_robots_primary_cat":"","_seopress_titles_title":"","_seopress_titles_desc":"","_seopress_robots_index":"","_et_pb_use_builder":"","_et_pb_old_content":"","_et_gb_content_width":"","inline_featured_image":false,"footnotes":""},"categories":[14,12],"tags":[],"class_list":["post-269391","post","type-post","status-publish","format-standard","hentry","category-vijesti","category-prica-dana"],"_links":{"self":[{"href":"https:\/\/www.pcnen.com\/portal\/wp-json\/wp\/v2\/posts\/269391","targetHints":{"allow":["GET"]}}],"collection":[{"href":"https:\/\/www.pcnen.com\/portal\/wp-json\/wp\/v2\/posts"}],"about":[{"href":"https:\/\/www.pcnen.com\/portal\/wp-json\/wp\/v2\/types\/post"}],"author":[{"embeddable":true,"href":"https:\/\/www.pcnen.com\/portal\/wp-json\/wp\/v2\/users\/1"}],"replies":[{"embeddable":true,"href":"https:\/\/www.pcnen.com\/portal\/wp-json\/wp\/v2\/comments?post=269391"}],"version-history":[{"count":0,"href":"https:\/\/www.pcnen.com\/portal\/wp-json\/wp\/v2\/posts\/269391\/revisions"}],"wp:attachment":[{"href":"https:\/\/www.pcnen.com\/portal\/wp-json\/wp\/v2\/media?parent=269391"}],"wp:term":[{"taxonomy":"category","embeddable":true,"href":"https:\/\/www.pcnen.com\/portal\/wp-json\/wp\/v2\/categories?post=269391"},{"taxonomy":"post_tag","embeddable":true,"href":"https:\/\/www.pcnen.com\/portal\/wp-json\/wp\/v2\/tags?post=269391"}],"curies":[{"name":"wp","href":"https:\/\/api.w.org\/{rel}","templated":true}]}}