{"id":269375,"date":"2019-07-04T20:42:57","date_gmt":"2019-07-04T18:42:57","guid":{"rendered":"http:\/\/www.pcnen.com\/portal\/?p=269375"},"modified":"2019-07-04T20:42:57","modified_gmt":"2019-07-04T18:42:57","slug":"popodne-kisa-mjestimicno-u-kontinentalnim-predjelima","status":"publish","type":"post","link":"https:\/\/www.pcnen.com\/portal\/2019\/07\/04\/popodne-kisa-mjestimicno-u-kontinentalnim-predjelima\/","title":{"rendered":"Popodne ki\u0161a mjestimi\u010dno u kontinentalnim predjelima"},"content":{"rendered":"<p><img loading=\"lazy\" decoding=\"async\" class=\"size-medium wp-image-250365 alignleft\" src=\"http:\/\/www.pcnen.com\/portal\/wp-content\/uploads\/2018\/07\/Bijela-223x300.jpg\" alt=\"\" width=\"223\" height=\"300\" \/>Prete\u017eno ili djelimi\u010dno sun\u010dano bi\u0107e u petak u Crnoj Gori.<\/p>\n<p>U popodnevnim i ve\u010dernjim satima, uglavnom u kontinentalnim predjelima, bi\u0107e promjenljivo obla\u010dno, mjestimi\u010dno uz ki\u0161u ili pljusak pra\u0107en grmljavinom.<\/p>\n<p>Vjetar promjenljivog smjera bi\u0107e uglavnom slab do umjeren.<\/p>\n<p>Jutarnja temperatura vazduha bi\u0107e u rasponu od 9 do 22, a najvi\u0161a dnevna od 22 do 36 stepeni.<\/p>\n<p>U Podgorici \u0107e prije podne biti uglavnom sun\u010dano, a popodne ili u ve\u010dernjim satima bi\u0107e mogu\u0107a kratkotrajno ki\u0161a i grmljavina. Vjetar promjenljivog smjera bi\u0107e uglavnom slab do umjeren. Jutarnja temperatura vazduha bi\u0107e oko 21, a najvi\u0161a dnevna do 36 stepeni.<\/p>\n<p><a href=\"http:\/\/www.meteo.co.me\/misc.php?text=121&amp;sektor=1&amp;grad=SAV\">Prognoza za ostale gradove.<\/a><\/p>\n","protected":false},"excerpt":{"rendered":"<p>Najvi\u0161a dnevna temperatura vazduha od 22 do 36 stepeni<\/p>\n","protected":false},"author":1,"featured_media":0,"comment_status":"open","ping_status":"closed","sticky":false,"template":"","format":"standard","meta":{"_seopress_robots_primary_cat":"","_seopress_titles_title":"","_seopress_titles_desc":"","_seopress_robots_index":"","_et_pb_use_builder":"","_et_pb_old_content":"","_et_gb_content_width":"","inline_featured_image":false,"footnotes":""},"categories":[14,12],"tags":[],"class_list":["post-269375","post","type-post","status-publish","format-standard","hentry","category-vijesti","category-prica-dana"],"_links":{"self":[{"href":"https:\/\/www.pcnen.com\/portal\/wp-json\/wp\/v2\/posts\/269375","targetHints":{"allow":["GET"]}}],"collection":[{"href":"https:\/\/www.pcnen.com\/portal\/wp-json\/wp\/v2\/posts"}],"about":[{"href":"https:\/\/www.pcnen.com\/portal\/wp-json\/wp\/v2\/types\/post"}],"author":[{"embeddable":true,"href":"https:\/\/www.pcnen.com\/portal\/wp-json\/wp\/v2\/users\/1"}],"replies":[{"embeddable":true,"href":"https:\/\/www.pcnen.com\/portal\/wp-json\/wp\/v2\/comments?post=269375"}],"version-history":[{"count":0,"href":"https:\/\/www.pcnen.com\/portal\/wp-json\/wp\/v2\/posts\/269375\/revisions"}],"wp:attachment":[{"href":"https:\/\/www.pcnen.com\/portal\/wp-json\/wp\/v2\/media?parent=269375"}],"wp:term":[{"taxonomy":"category","embeddable":true,"href":"https:\/\/www.pcnen.com\/portal\/wp-json\/wp\/v2\/categories?post=269375"},{"taxonomy":"post_tag","embeddable":true,"href":"https:\/\/www.pcnen.com\/portal\/wp-json\/wp\/v2\/tags?post=269375"}],"curies":[{"name":"wp","href":"https:\/\/api.w.org\/{rel}","templated":true}]}}