{"id":269351,"date":"2019-07-04T08:10:48","date_gmt":"2019-07-04T06:10:48","guid":{"rendered":"http:\/\/www.pcnen.com\/portal\/?p=269351"},"modified":"2019-07-04T08:10:48","modified_gmt":"2019-07-04T06:10:48","slug":"vucic-formira-stranku-u-crnoj-gori","status":"publish","type":"post","link":"https:\/\/www.pcnen.com\/portal\/2019\/07\/04\/vucic-formira-stranku-u-crnoj-gori\/","title":{"rendered":"Vu\u010di\u0107 formira stranku u Crnoj Gori?"},"content":{"rendered":"<p><img loading=\"lazy\" decoding=\"async\" class=\" wp-image-149482 alignleft\" src=\"http:\/\/www.pcnen.com\/portal\/wp-content\/uploads\/2014\/06\/Djukanovic_Vucic-300x218.jpg\" alt=\"\" width=\"252\" height=\"183\" \/>Predsjednik Srbije Aleksandar Vu\u010di\u0107 razmatra mogu\u0107nost formiranja politi\u010dke stranke ili koalicije u Crnoj Gori, saznaju Vijesti. Vu\u010di\u0107 je takvu mogu\u0107nost pominjao najbli\u017eim saradnicima u Srpskoj naprednoj stranci (SNS), navodi neimenovani izvor podgori\u010dkog dnevnika.<\/p>\n<p>\u201cFormiranjem nove ili ja\u010danjem neke od postoje\u0107ih politi\u010dkih opcija u Crnoj Gori, Vu\u010di\u0107 bi dobio srpsku stranku koju potpuno kontroli\u0161e i koja bi nakon izbora mogla postati dio \u0161iroke vladaju\u0107e koalicije. Takav model ve\u0107 je koristio preko Srpske liste na Kosovu, koja je nakon insistiranje Vu\u010di\u0107a obezbijedila parlamentarnu ve\u0107inu kosovskom premijeru Ramu\u0161u Haradinaju. Srpska lista je istovremeno imala otvorenu podr\u0161ku Beograda, \u0161to je u\u010dinilo najja\u010dom u srpskom bira\u010dkom tijelu na Kosovu\u201d, <a href=\"https:\/\/www.vijesti.me\/vijesti\/politika\/vucic-pravi-stranku-u-crnoj-gori-i-uvodi-srbe-u-vlast\">kazao je sagovornik Vijesti.<\/a><\/p>\n<p>Iz SNS nijesu odgovorili na pitanja Vijesti da li planiraju formiranje ispostave u Crnoj Gori.<\/p>\n","protected":false},"excerpt":{"rendered":"<p>Predsjednik Srbije Aleksandar Vu\u010di\u0107 razmatra mogu\u0107nost formiranja politi\u010dke stranke ili koalicije u Crnoj Gori, saznaju Vijesti. Vu\u010di\u0107 je takvu mogu\u0107nost pominjao najbli\u017eim saradnicima u Srpskoj naprednoj stranci (SNS), navodi neimenovani izvor podgori\u010dkog dnevnika. \u201cFormiranjem nove ili ja\u010danjem neke od postoje\u0107ih politi\u010dkih opcija u Crnoj Gori, Vu\u010di\u0107 bi dobio srpsku stranku koju potpuno kontroli\u0161e i koja [&hellip;]<\/p>\n","protected":false},"author":1,"featured_media":149482,"comment_status":"open","ping_status":"closed","sticky":false,"template":"","format":"standard","meta":{"_seopress_robots_primary_cat":"","_seopress_titles_title":"","_seopress_titles_desc":"","_seopress_robots_index":"","_et_pb_use_builder":"","_et_pb_old_content":"","_et_gb_content_width":"","inline_featured_image":false,"footnotes":""},"categories":[14,12],"tags":[],"class_list":["post-269351","post","type-post","status-publish","format-standard","has-post-thumbnail","hentry","category-vijesti","category-prica-dana"],"_links":{"self":[{"href":"https:\/\/www.pcnen.com\/portal\/wp-json\/wp\/v2\/posts\/269351","targetHints":{"allow":["GET"]}}],"collection":[{"href":"https:\/\/www.pcnen.com\/portal\/wp-json\/wp\/v2\/posts"}],"about":[{"href":"https:\/\/www.pcnen.com\/portal\/wp-json\/wp\/v2\/types\/post"}],"author":[{"embeddable":true,"href":"https:\/\/www.pcnen.com\/portal\/wp-json\/wp\/v2\/users\/1"}],"replies":[{"embeddable":true,"href":"https:\/\/www.pcnen.com\/portal\/wp-json\/wp\/v2\/comments?post=269351"}],"version-history":[{"count":0,"href":"https:\/\/www.pcnen.com\/portal\/wp-json\/wp\/v2\/posts\/269351\/revisions"}],"wp:featuredmedia":[{"embeddable":true,"href":"https:\/\/www.pcnen.com\/portal\/wp-json\/wp\/v2\/media\/149482"}],"wp:attachment":[{"href":"https:\/\/www.pcnen.com\/portal\/wp-json\/wp\/v2\/media?parent=269351"}],"wp:term":[{"taxonomy":"category","embeddable":true,"href":"https:\/\/www.pcnen.com\/portal\/wp-json\/wp\/v2\/categories?post=269351"},{"taxonomy":"post_tag","embeddable":true,"href":"https:\/\/www.pcnen.com\/portal\/wp-json\/wp\/v2\/tags?post=269351"}],"curies":[{"name":"wp","href":"https:\/\/api.w.org\/{rel}","templated":true}]}}