{"id":269337,"date":"2019-07-03T23:31:18","date_gmt":"2019-07-03T21:31:18","guid":{"rendered":"http:\/\/www.pcnen.com\/portal\/?p=269337"},"modified":"2019-07-03T23:31:18","modified_gmt":"2019-07-03T21:31:18","slug":"drustvene-mreze-danas-upale-u-nevolje","status":"publish","type":"post","link":"https:\/\/www.pcnen.com\/portal\/2019\/07\/03\/drustvene-mreze-danas-upale-u-nevolje\/","title":{"rendered":"Dru\u0161tvene mre\u017ee danas upale u nevolje"},"content":{"rendered":"<p><img loading=\"lazy\" decoding=\"async\" class=\" wp-image-218868 alignleft\" src=\"http:\/\/www.pcnen.com\/portal\/wp-content\/uploads\/2016\/12\/drustvene-mreze-300x220.jpg\" alt=\"\" width=\"258\" height=\"189\" \/>Facebook, Instagram i WhatsApp satima imaju velikih problema diljem svijeta. Problemi su po\u010deli u srijedu popodne po srednjoevropskom vremenu, a do nave\u010de nijesu otklonjeni, prenose inostrani mediji.<\/p>\n<p>Iako se svim mre\u017eama mo\u017ee pristupiti, ne mogu se u\u010ditati slike. Konkretno, na Facebooku se ne u\u010ditava velik postotak slika i videa, a pote\u0161ko\u0107e se javljaju i pri objavi novog sadr\u017eaja. Sli\u010dno je i na Instagramu dok je kod WhatsAppa ote\u017eano slanje i primanje datoteka, bilo da se radi o slikama, videima ili ne\u010dem tre\u0107em.<\/p>\n<p>CNN javlja da se ve\u010deras problemi pojavili i na Twitteru. Tamo su problem poruke i notifikacije.<\/p>\n","protected":false},"excerpt":{"rendered":"<p>Facebook, Instagram i WhatsApp satima imaju velikih problema diljem svijeta. Problemi su po\u010deli u srijedu popodne po srednjoevropskom vremenu, a do nave\u010de nijesu otklonjeni, prenose inostrani mediji. Iako se svim mre\u017eama mo\u017ee pristupiti, ne mogu se u\u010ditati slike. Konkretno, na Facebooku se ne u\u010ditava velik postotak slika i videa, a pote\u0161ko\u0107e se javljaju i pri [&hellip;]<\/p>\n","protected":false},"author":1,"featured_media":0,"comment_status":"open","ping_status":"closed","sticky":false,"template":"","format":"standard","meta":{"_seopress_robots_primary_cat":"","_seopress_titles_title":"","_seopress_titles_desc":"","_seopress_robots_index":"","_et_pb_use_builder":"","_et_pb_old_content":"","_et_gb_content_width":"","inline_featured_image":false,"footnotes":""},"categories":[14,12],"tags":[],"class_list":["post-269337","post","type-post","status-publish","format-standard","hentry","category-vijesti","category-prica-dana"],"_links":{"self":[{"href":"https:\/\/www.pcnen.com\/portal\/wp-json\/wp\/v2\/posts\/269337","targetHints":{"allow":["GET"]}}],"collection":[{"href":"https:\/\/www.pcnen.com\/portal\/wp-json\/wp\/v2\/posts"}],"about":[{"href":"https:\/\/www.pcnen.com\/portal\/wp-json\/wp\/v2\/types\/post"}],"author":[{"embeddable":true,"href":"https:\/\/www.pcnen.com\/portal\/wp-json\/wp\/v2\/users\/1"}],"replies":[{"embeddable":true,"href":"https:\/\/www.pcnen.com\/portal\/wp-json\/wp\/v2\/comments?post=269337"}],"version-history":[{"count":0,"href":"https:\/\/www.pcnen.com\/portal\/wp-json\/wp\/v2\/posts\/269337\/revisions"}],"wp:attachment":[{"href":"https:\/\/www.pcnen.com\/portal\/wp-json\/wp\/v2\/media?parent=269337"}],"wp:term":[{"taxonomy":"category","embeddable":true,"href":"https:\/\/www.pcnen.com\/portal\/wp-json\/wp\/v2\/categories?post=269337"},{"taxonomy":"post_tag","embeddable":true,"href":"https:\/\/www.pcnen.com\/portal\/wp-json\/wp\/v2\/tags?post=269337"}],"curies":[{"name":"wp","href":"https:\/\/api.w.org\/{rel}","templated":true}]}}