{"id":269319,"date":"2019-07-03T18:50:46","date_gmt":"2019-07-03T16:50:46","guid":{"rendered":"http:\/\/www.pcnen.com\/portal\/?p=269319"},"modified":"2019-07-03T18:50:46","modified_gmt":"2019-07-03T16:50:46","slug":"krajem-dana-ponegdje-osvjezenje","status":"publish","type":"post","link":"https:\/\/www.pcnen.com\/portal\/2019\/07\/03\/krajem-dana-ponegdje-osvjezenje\/","title":{"rendered":"Krajem dana ponegdje osvje\u017eenje"},"content":{"rendered":"<p><img loading=\"lazy\" decoding=\"async\" class=\"size-medium wp-image-89365 alignleft\" src=\"http:\/\/www.pcnen.com\/portal\/wp-content\/uploads\/2012\/07\/osvjezenje-300x225.jpg\" alt=\"\" width=\"300\" height=\"225\" \/>Prete\u017eno sun\u010dano i veoma toplo bi\u0107e u \u010detvrtak u Crnoj Gori.<\/p>\n<p>U kontinentalnim predjelima zemlje \u0107e popodne i u ve\u010dernjim satima do\u0107i do umjerenog ili poja\u010danog razvoja obla\u010dnosti, mjestimi\u010dno uz ki\u0161u ili pljusak sa grmljavinom.<\/p>\n<p>Vjetar promjenljivog smjera bi\u0107e slab do umjeren. Krajem dana ponegdje \u0107e duvati poja\u010dano sa sjevera.<\/p>\n<p>Jutarnja temperatura vazduha bi\u0107e u rasponu od 9 do 22, a najvi\u0161a dnevna od 23 do 37 stepeni.<\/p>\n<p>U Podgorici \u0107e biti prete\u017eno sun\u010dano, veoma toplo i sparno. Krajem dana ili u ve\u010dernjim satima bi\u0107e mogu\u0107a krarkotrajno ki\u0161a i grmljavina. Vjetar promjenljivog smjera bi\u0107e slab do umjeren; u ve\u010dernjim satima duva\u0107e umjeren do poja\u010dan sjeveroisto\u010dnjak. Jutarnja temperatura vazduha bi\u0107e oko 21, a najvi\u0161a dnevna do 37 stepeni.<\/p>\n<p><a href=\"http:\/\/www.meteo.co.me\/misc.php?text=121&amp;sektor=1&amp;grad=BAR\">Prognoza za ostale gradove.<\/a><\/p>\n","protected":false},"excerpt":{"rendered":"<p>U kontinentalnim predjelima Crne Gore popodne i u ve\u010dernjim satima do\u0107i \u0107e do umjerenog ili poja\u010danog razvoja obla\u010dnosti, mjestimi\u010dno uz ki\u0161u ili pljusak sa grmljavinom<\/p>\n","protected":false},"author":1,"featured_media":0,"comment_status":"open","ping_status":"closed","sticky":false,"template":"","format":"standard","meta":{"_seopress_robots_primary_cat":"","_seopress_titles_title":"","_seopress_titles_desc":"","_seopress_robots_index":"","_et_pb_use_builder":"","_et_pb_old_content":"","_et_gb_content_width":"","inline_featured_image":false,"footnotes":""},"categories":[14,12],"tags":[],"class_list":["post-269319","post","type-post","status-publish","format-standard","hentry","category-vijesti","category-prica-dana"],"_links":{"self":[{"href":"https:\/\/www.pcnen.com\/portal\/wp-json\/wp\/v2\/posts\/269319","targetHints":{"allow":["GET"]}}],"collection":[{"href":"https:\/\/www.pcnen.com\/portal\/wp-json\/wp\/v2\/posts"}],"about":[{"href":"https:\/\/www.pcnen.com\/portal\/wp-json\/wp\/v2\/types\/post"}],"author":[{"embeddable":true,"href":"https:\/\/www.pcnen.com\/portal\/wp-json\/wp\/v2\/users\/1"}],"replies":[{"embeddable":true,"href":"https:\/\/www.pcnen.com\/portal\/wp-json\/wp\/v2\/comments?post=269319"}],"version-history":[{"count":0,"href":"https:\/\/www.pcnen.com\/portal\/wp-json\/wp\/v2\/posts\/269319\/revisions"}],"wp:attachment":[{"href":"https:\/\/www.pcnen.com\/portal\/wp-json\/wp\/v2\/media?parent=269319"}],"wp:term":[{"taxonomy":"category","embeddable":true,"href":"https:\/\/www.pcnen.com\/portal\/wp-json\/wp\/v2\/categories?post=269319"},{"taxonomy":"post_tag","embeddable":true,"href":"https:\/\/www.pcnen.com\/portal\/wp-json\/wp\/v2\/tags?post=269319"}],"curies":[{"name":"wp","href":"https:\/\/api.w.org\/{rel}","templated":true}]}}