{"id":269307,"date":"2019-07-03T17:19:53","date_gmt":"2019-07-03T15:19:53","guid":{"rendered":"http:\/\/www.pcnen.com\/portal\/?p=269307"},"modified":"2019-07-03T17:19:53","modified_gmt":"2019-07-03T15:19:53","slug":"obijen-radni-sto-predsjednice-so-kotor","status":"publish","type":"post","link":"https:\/\/www.pcnen.com\/portal\/2019\/07\/03\/obijen-radni-sto-predsjednice-so-kotor\/","title":{"rendered":"Obijen radni sto predsjednice SO Kotor"},"content":{"rendered":"<div id=\"attachment_220883\" style=\"width: 219px\" class=\"wp-caption alignleft\"><img loading=\"lazy\" decoding=\"async\" aria-describedby=\"caption-attachment-220883\" class=\" wp-image-220883\" src=\"http:\/\/www.pcnen.com\/portal\/wp-content\/uploads\/2017\/02\/pecat-300x296.jpg\" alt=\"\" width=\"209\" height=\"206\" \/><p id=\"caption-attachment-220883\" class=\"wp-caption-text\">ilustracija<\/p><\/div>\n<p>Predsjednica SO Kotor Dragica Perovi\u0107 je saop\u0161tila danas da je obijen njen radni sto u kome se nalazi pe\u010dat SO Kotor i njene li\u010dne stvari. Ona je za obijanje osumnji\u010dila odbornika Demokratske partij socijalista \u017deljka Avramovi\u0107a.<\/p>\n<p>\u201cObijanjem mog radnog stola, bez mog prisustva, je o\u010digledan \u010din nastavka nasilja i bezakonja od strane odbornika Avramovi\u0107a, koji se ponekad javnosti predstavlja kao VD (vr\u0161ilac du\u017enosti), a ponekad kao VF (vr\u0161ilac funkcije) Predsjednika SO Kotor, a sve u ime i za ra\u010dun skup\u0161tinske ve\u0107ine (?!), odnosno u ime 17 odbornika\u201c, napisala je Perovi\u0107 u saop\u0161tenju za javnost.<\/p>\n<p>Ona je konstatovala da se \u201cbezakonje koje se de\u0161ava u Kotoru mo\u017ee (se) zaustaviti lako i samo na jedan na\u010din, a to je da Vlada Crne Gorena sjutra\u0161njoj sjednici prekine\u201c njen i \u201cmandat ove grupe odbornika,\u00a0 koji su svojim \u010dinjenjem doveli Kotor u stanje bezakonja, a samim tim i mandat svih odbornika u SO Kotor, na na\u010din \u0161to \u0107e raspustiti Skup\u0161tinu Op\u0161tine Kotor i raspisati izbore\u201c.<\/p>\n<p>Perovi\u0107 se nedavno tako\u0111e <a href=\"http:\/\/www.pcnen.com\/portal\/2019\/07\/02\/u-kotoru-gradu-skandali-ne-prestaju\/\">obratila javnosti,<\/a> upozoravaju\u0107i na nelegalno djelovanje &#8216;matemati\u010dke ve\u0107ine&#8217; u Skup\u0161tini op\u0161tine Kotor, koja je nju <a href=\"http:\/\/www.pcnen.com\/portal\/2019\/06\/27\/odbornicka-vecina-smijenila-predsjednicu-so-kotor\/\">smijenila sa du\u017enosti.<\/a><\/p>\n","protected":false},"excerpt":{"rendered":"<p>Predsjednica SO Kotor Dragica Perovi\u0107 je saop\u0161tila danas da je obijen njen radni sto u kome se nalazi pe\u010dat SO Kotor i njene li\u010dne stvari. Ona je za obijanje osumnji\u010dila odbornika Demokratske partij socijalista \u017deljka Avramovi\u0107a. \u201cObijanjem mog radnog stola, bez mog prisustva, je o\u010digledan \u010din nastavka nasilja i bezakonja od strane odbornika Avramovi\u0107a, koji [&hellip;]<\/p>\n","protected":false},"author":1,"featured_media":220883,"comment_status":"open","ping_status":"closed","sticky":false,"template":"","format":"standard","meta":{"_seopress_robots_primary_cat":"","_seopress_titles_title":"","_seopress_titles_desc":"","_seopress_robots_index":"","_et_pb_use_builder":"","_et_pb_old_content":"","_et_gb_content_width":"","inline_featured_image":false,"footnotes":""},"categories":[14],"tags":[],"class_list":["post-269307","post","type-post","status-publish","format-standard","has-post-thumbnail","hentry","category-vijesti"],"_links":{"self":[{"href":"https:\/\/www.pcnen.com\/portal\/wp-json\/wp\/v2\/posts\/269307","targetHints":{"allow":["GET"]}}],"collection":[{"href":"https:\/\/www.pcnen.com\/portal\/wp-json\/wp\/v2\/posts"}],"about":[{"href":"https:\/\/www.pcnen.com\/portal\/wp-json\/wp\/v2\/types\/post"}],"author":[{"embeddable":true,"href":"https:\/\/www.pcnen.com\/portal\/wp-json\/wp\/v2\/users\/1"}],"replies":[{"embeddable":true,"href":"https:\/\/www.pcnen.com\/portal\/wp-json\/wp\/v2\/comments?post=269307"}],"version-history":[{"count":0,"href":"https:\/\/www.pcnen.com\/portal\/wp-json\/wp\/v2\/posts\/269307\/revisions"}],"wp:featuredmedia":[{"embeddable":true,"href":"https:\/\/www.pcnen.com\/portal\/wp-json\/wp\/v2\/media\/220883"}],"wp:attachment":[{"href":"https:\/\/www.pcnen.com\/portal\/wp-json\/wp\/v2\/media?parent=269307"}],"wp:term":[{"taxonomy":"category","embeddable":true,"href":"https:\/\/www.pcnen.com\/portal\/wp-json\/wp\/v2\/categories?post=269307"},{"taxonomy":"post_tag","embeddable":true,"href":"https:\/\/www.pcnen.com\/portal\/wp-json\/wp\/v2\/tags?post=269307"}],"curies":[{"name":"wp","href":"https:\/\/api.w.org\/{rel}","templated":true}]}}