{"id":269291,"date":"2019-07-03T08:34:16","date_gmt":"2019-07-03T06:34:16","guid":{"rendered":"http:\/\/www.pcnen.com\/portal\/?p=269291"},"modified":"2019-07-03T08:34:16","modified_gmt":"2019-07-03T06:34:16","slug":"samit-zapadnog-balkana-od-danas-u-poljskoj","status":"publish","type":"post","link":"https:\/\/www.pcnen.com\/portal\/2019\/07\/03\/samit-zapadnog-balkana-od-danas-u-poljskoj\/","title":{"rendered":"Samit Zapadnog Balkana od danas u Poljskoj"},"content":{"rendered":"<p><img loading=\"lazy\" decoding=\"async\" class=\"size-medium wp-image-269292 alignleft\" src=\"http:\/\/www.pcnen.com\/portal\/wp-content\/uploads\/2019\/07\/Berlinski-proces-Zapadni-Balkan-300x211.jpg\" alt=\"\" width=\"300\" height=\"211\" \/>\u0160esti Samit Zapadnog Balkana u okviru Berlinskog procesa po\u010dinje danas u poljskom gradu Poznanju, a u fokusu sastanaka bi\u0107e regionalna saradnja, povezivanje, mobilnost, integracija Roma, na\u010dini prevazila\u017eenja postoje\u0107ih izazova i rast ekonomija u regionu, najavljuje Beta.<\/p>\n<p>Centralni doga\u0111aj bi\u0107e sastanak \u0161efova dr\u017eava ili vlada u petak, 5. jula, dok \u0107e dan ranije biti sastanci ministara ekonomije, unutra\u0161njih i spoljnih poslova zemalja u\u010desnica Samita.<\/p>\n<p>U okviru Samita, Savjet za regionalnu saradnju (RCC) organizova\u0107e u \u010detvrtak panel pod nazivom Pove\u0107avanje napora u pravcu transformacije regiona radi napretka na putu evropskih integracija.<\/p>\n<p>Na panelu \u0107e biti objavljeni i rezultati najnovijeg izdanja istra\u017eivanja javnog mnjenja i mi\u0161ljenja privrednika Balkanski barometar, za 2019. godinu, koje radi RCC.<\/p>\n<p>U \u010detvrtak \u0107e biti odr\u017ean i panel pod nazivom Deklaracija partnera Zapadnog Balkana o Romima i pro\u0161irenju EU: S rije\u010di na djela, u okviru projekta RCC-a Integracija Roma.<\/p>\n<p>Na panelu \u0107e biti predstavljena Deklaracija partnera Zapadnog Balkana o integraciji Roma u okviru procesa pro\u0161irenja EU, kojom \u0107e se vlade obavezati na nastavak i pove\u0107anje napora za punu jednakost i integraciju Roma u dru\u0161tvima u kojima \u017eive.<\/p>\n<p>Samit po\u010dinje danas Forumom stru\u010dnjaka (Think-tank forum), dok \u0107e u \u010detvrtak, 4. jula biti odr\u017eani Poslovni forum, \u010diji je cilj povezivanje preduzetnika i produbljivanje znanja, i Forum civilnog dru\u0161tva, usmjeren na razmjenu iskustava i saradnju nevladinih organizacija.<\/p>\n<p>Samit se odr\u017eava u Poznanju po\u0161to Berlinskom procesu trenutno predsjedava Poljska koja je kao prioritete predsjedavanja izdvojila ekonomiju, povezivanje, civilno dru\u0161tvo i bezbjednost.<\/p>\n<p>Uz zapadnobalkansku \u0161estorku Srbija, Crna Gora, Bosna i Hercegovina, S. Makedonija, Kosovo i Albanija, na Samitu \u0107e u\u010destvovati i partneri iz EU &#8211; Njema\u010dka, Francuska, Italija, Austrija, Slovenija, Hrvatska, Gr\u010dka, Bugarska, Velika Britanija i doma\u0107in Poljska.<\/p>\n<p>Berlinski proces je diplomatska inicijativa njema\u010dke kancelarke Angele Merkel, pokrenuta 2014. godine s ciljem da se podr\u017ei mirna, stabilna i demokratska budu\u0107nost Zapadnog Balkana, da se unaprijede regionalna saradnja i evrointegracije regiona.<\/p>\n<p>U okviru Berlinskog procesa do sada je odr\u017eano pet samita: u Berlinu (2014. godine), Be\u010du (2015), Parizu (2016), Trstu (2017) i Londonu (2018), podsje\u0107a Beta.<\/p>\n","protected":false},"excerpt":{"rendered":"<p>U fokusu sastanaka bi\u0107e regionalna saradnja, povezivanje, mobilnost, integracija Roma, na\u010dini prevazila\u017eenja postoje\u0107ih izazova i rast ekonomija u regionu<\/p>\n","protected":false},"author":1,"featured_media":0,"comment_status":"open","ping_status":"closed","sticky":false,"template":"","format":"standard","meta":{"_seopress_robots_primary_cat":"","_seopress_titles_title":"","_seopress_titles_desc":"","_seopress_robots_index":"","_et_pb_use_builder":"","_et_pb_old_content":"","_et_gb_content_width":"","inline_featured_image":false,"footnotes":""},"categories":[14,12],"tags":[],"class_list":["post-269291","post","type-post","status-publish","format-standard","hentry","category-vijesti","category-prica-dana"],"_links":{"self":[{"href":"https:\/\/www.pcnen.com\/portal\/wp-json\/wp\/v2\/posts\/269291","targetHints":{"allow":["GET"]}}],"collection":[{"href":"https:\/\/www.pcnen.com\/portal\/wp-json\/wp\/v2\/posts"}],"about":[{"href":"https:\/\/www.pcnen.com\/portal\/wp-json\/wp\/v2\/types\/post"}],"author":[{"embeddable":true,"href":"https:\/\/www.pcnen.com\/portal\/wp-json\/wp\/v2\/users\/1"}],"replies":[{"embeddable":true,"href":"https:\/\/www.pcnen.com\/portal\/wp-json\/wp\/v2\/comments?post=269291"}],"version-history":[{"count":0,"href":"https:\/\/www.pcnen.com\/portal\/wp-json\/wp\/v2\/posts\/269291\/revisions"}],"wp:attachment":[{"href":"https:\/\/www.pcnen.com\/portal\/wp-json\/wp\/v2\/media?parent=269291"}],"wp:term":[{"taxonomy":"category","embeddable":true,"href":"https:\/\/www.pcnen.com\/portal\/wp-json\/wp\/v2\/categories?post=269291"},{"taxonomy":"post_tag","embeddable":true,"href":"https:\/\/www.pcnen.com\/portal\/wp-json\/wp\/v2\/tags?post=269291"}],"curies":[{"name":"wp","href":"https:\/\/api.w.org\/{rel}","templated":true}]}}