{"id":269289,"date":"2019-07-03T07:33:15","date_gmt":"2019-07-03T05:33:15","guid":{"rendered":"http:\/\/www.pcnen.com\/portal\/?p=269289"},"modified":"2019-07-03T08:55:33","modified_gmt":"2019-07-03T06:55:33","slug":"novi-ljudi-na-celu-eu-institucija","status":"publish","type":"post","link":"https:\/\/www.pcnen.com\/portal\/2019\/07\/03\/novi-ljudi-na-celu-eu-institucija\/","title":{"rendered":"Novi ljudi na \u010delu EU institucija"},"content":{"rendered":"<p><img loading=\"lazy\" decoding=\"async\" class=\" wp-image-87242 alignleft\" src=\"http:\/\/www.pcnen.com\/portal\/wp-content\/uploads\/2012\/06\/EU-300x189.jpg\" alt=\"\" width=\"260\" height=\"164\" \/>Lideri Evropske unije su postigli dogovor o klju\u010dnim kadrovskim rje\u0161enjima, zvani\u010dno je saop\u0161teno.<\/p>\n<p>Njemica Ursula fon der Lejen \u0107e ubudu\u0107e voditi Evropsku komisiju. Na \u010delo Evropske centralne banke dolazi Francuskinja Kristin Lagard, a na du\u017enost predsjednika Evropskog savjeta bi\u0107e Belgijanac \u0160arl Mi\u0161el. \u0160panac \u017dozep Borelj zamijeni\u0107e Federiku Mogerini na mjestu visokog predstavnika EU za spoljnu politiku i bezbjednost.<\/p>\n<p>Ursula fon der Lejen je ro\u0111ena u Briselu, a sa porodicom se preselila u Njema\u010dku kada je imala 13 godina. Studirala je ekonomiju na Londonskoj \u0161koli ekonomije (LSE), kao i medicinu u Hanoveru prije nego \u0161to je po\u010dela da se bavi politikom, pi\u0161e BBC na srpskom jeziku.<\/p>\n<p>Bliska je saradnica njema\u010dke kancelarke Angele Merkel, u \u010diju se partiju u\u010dlanila 2005.<\/p>\n<p>Ima 60 godina i majka je sedmoro djece.<\/p>\n<p>Zala\u017ee se za integraciju i podr\u017eava blisku vojnu saradnju unutar EU, a po\u010detkom ove godine je izjavila da je \u201cpotencijal Evrope da ujedini i promovi\u0161e mir&#8221;.<\/p>\n<p>Njeno imenovanje za njema\u010dku ministarku odbrane 2013. bilo je neo\u010dekivano i uslijedilo je nakon tri mjeseca koalicionih razgovora izme\u0111u Demohri\u0161\u0107anske partije i Socijaldemokratske partije.<\/p>\n<p>Od tog trenutka njena popularnost u njema\u010dkoj javnosti je brzo rasla. Kao ministarka odbrane u najindustrijalizovanijoj i najnaseljenijoj zemlji EU, zalagala se da Njema\u010dka pove\u0107a vojno u\u010de\u0161\u0107e u NATO-u.<\/p>\n<p>Me\u0111utim, njen mandat na mjestu ministarke odbrane nije protekao bez neuspjeha. Otkriveni su nedostaci nema\u010dkih oru\u017eanih snaga &#8211; od neupotrebljivih podmornica i aviona do nesta\u0161ice osoblja.<\/p>\n","protected":false},"excerpt":{"rendered":"<p>Lideri Evropske unije su postigli dogovor o klju\u010dnim kadrovskim rje\u0161enjima, zvani\u010dno je saop\u0161teno. Njemica Ursula fon der Lejen \u0107e ubudu\u0107e voditi Evropsku komisiju. Na \u010delo Evropske centralne banke dolazi Francuskinja Kristin Lagard, a na du\u017enost predsjednika Evropskog savjeta bi\u0107e Belgijanac \u0160arl Mi\u0161el. \u0160panac \u017dozep Borelj zamijeni\u0107e Federiku Mogerini na mjestu visokog predstavnika EU za spoljnu [&hellip;]<\/p>\n","protected":false},"author":1,"featured_media":0,"comment_status":"open","ping_status":"closed","sticky":false,"template":"","format":"standard","meta":{"_seopress_robots_primary_cat":"","_seopress_titles_title":"","_seopress_titles_desc":"","_seopress_robots_index":"","_et_pb_use_builder":"","_et_pb_old_content":"","_et_gb_content_width":"","inline_featured_image":false,"footnotes":""},"categories":[14,12],"tags":[],"class_list":["post-269289","post","type-post","status-publish","format-standard","hentry","category-vijesti","category-prica-dana"],"_links":{"self":[{"href":"https:\/\/www.pcnen.com\/portal\/wp-json\/wp\/v2\/posts\/269289","targetHints":{"allow":["GET"]}}],"collection":[{"href":"https:\/\/www.pcnen.com\/portal\/wp-json\/wp\/v2\/posts"}],"about":[{"href":"https:\/\/www.pcnen.com\/portal\/wp-json\/wp\/v2\/types\/post"}],"author":[{"embeddable":true,"href":"https:\/\/www.pcnen.com\/portal\/wp-json\/wp\/v2\/users\/1"}],"replies":[{"embeddable":true,"href":"https:\/\/www.pcnen.com\/portal\/wp-json\/wp\/v2\/comments?post=269289"}],"version-history":[{"count":0,"href":"https:\/\/www.pcnen.com\/portal\/wp-json\/wp\/v2\/posts\/269289\/revisions"}],"wp:attachment":[{"href":"https:\/\/www.pcnen.com\/portal\/wp-json\/wp\/v2\/media?parent=269289"}],"wp:term":[{"taxonomy":"category","embeddable":true,"href":"https:\/\/www.pcnen.com\/portal\/wp-json\/wp\/v2\/categories?post=269289"},{"taxonomy":"post_tag","embeddable":true,"href":"https:\/\/www.pcnen.com\/portal\/wp-json\/wp\/v2\/tags?post=269289"}],"curies":[{"name":"wp","href":"https:\/\/api.w.org\/{rel}","templated":true}]}}