{"id":269270,"date":"2019-07-02T23:39:28","date_gmt":"2019-07-02T21:39:28","guid":{"rendered":"http:\/\/www.pcnen.com\/portal\/?p=269270"},"modified":"2019-07-02T23:40:33","modified_gmt":"2019-07-02T21:40:33","slug":"veoma-toplo-17","status":"publish","type":"post","link":"https:\/\/www.pcnen.com\/portal\/2019\/07\/02\/veoma-toplo-17\/","title":{"rendered":"Veoma toplo"},"content":{"rendered":"<p><img loading=\"lazy\" decoding=\"async\" class=\" wp-image-230946 alignleft\" src=\"http:\/\/www.pcnen.com\/portal\/wp-content\/uploads\/2017\/08\/vrucina-300x200.jpg\" alt=\"\" width=\"251\" height=\"167\" \/>Prete\u017eno sun\u010dano i veoma toplo bi\u0107e u Crnoj Gori.<\/p>\n<p>Po kotlinama na sjeveru zemlje ujutru \u0107e kratkotrajno biti magla. Poslije podne i u ve\u010dernjim satima, uz prolaznu obla\u010dnost, ki\u0161e, pljuskova i grmljavine bi\u0107e lokalno.<\/p>\n<p>Vjetar promjenljivog smjera bi\u0107e slab do umjeren.<\/p>\n<p>Jutarnja temperatura vazduha bi\u0107e u rasponu od 10 do 23, a najvi\u0161a dnevna od 25 do 39 stepeni.<\/p>\n<p>U Podgorici \u0107e biti prete\u017eno sun\u010dano i vru\u0107e. Vjetar \u0107e mijenjati smjer i biti slab do umjeren. Jutarnja temperatura vazduha bi\u0107e oko 23, a najvi\u0161a dnevna izme\u0111u 39 i 40 stepeni.<\/p>\n<p><a href=\"http:\/\/www.meteo.co.me\/misc.php?text=121&amp;sektor=1&amp;grad=TIV\">Prognoza za ostale gradove.<\/a><\/p>\n","protected":false},"excerpt":{"rendered":"<p>Najvi\u0161a dnevna temperatura vazduha od 25 do 40 stepeni<\/p>\n","protected":false},"author":1,"featured_media":0,"comment_status":"open","ping_status":"closed","sticky":false,"template":"","format":"standard","meta":{"_seopress_robots_primary_cat":"","_seopress_titles_title":"","_seopress_titles_desc":"","_seopress_robots_index":"","_et_pb_use_builder":"","_et_pb_old_content":"","_et_gb_content_width":"","inline_featured_image":false,"footnotes":""},"categories":[14,12],"tags":[],"class_list":["post-269270","post","type-post","status-publish","format-standard","hentry","category-vijesti","category-prica-dana"],"_links":{"self":[{"href":"https:\/\/www.pcnen.com\/portal\/wp-json\/wp\/v2\/posts\/269270","targetHints":{"allow":["GET"]}}],"collection":[{"href":"https:\/\/www.pcnen.com\/portal\/wp-json\/wp\/v2\/posts"}],"about":[{"href":"https:\/\/www.pcnen.com\/portal\/wp-json\/wp\/v2\/types\/post"}],"author":[{"embeddable":true,"href":"https:\/\/www.pcnen.com\/portal\/wp-json\/wp\/v2\/users\/1"}],"replies":[{"embeddable":true,"href":"https:\/\/www.pcnen.com\/portal\/wp-json\/wp\/v2\/comments?post=269270"}],"version-history":[{"count":0,"href":"https:\/\/www.pcnen.com\/portal\/wp-json\/wp\/v2\/posts\/269270\/revisions"}],"wp:attachment":[{"href":"https:\/\/www.pcnen.com\/portal\/wp-json\/wp\/v2\/media?parent=269270"}],"wp:term":[{"taxonomy":"category","embeddable":true,"href":"https:\/\/www.pcnen.com\/portal\/wp-json\/wp\/v2\/categories?post=269270"},{"taxonomy":"post_tag","embeddable":true,"href":"https:\/\/www.pcnen.com\/portal\/wp-json\/wp\/v2\/tags?post=269270"}],"curies":[{"name":"wp","href":"https:\/\/api.w.org\/{rel}","templated":true}]}}