{"id":269239,"date":"2019-07-02T10:40:57","date_gmt":"2019-07-02T08:40:57","guid":{"rendered":"http:\/\/www.pcnen.com\/portal\/?p=269239"},"modified":"2019-07-02T10:40:57","modified_gmt":"2019-07-02T08:40:57","slug":"sindelicu-odreden-ekstradicioni-pritvor","status":"publish","type":"post","link":"https:\/\/www.pcnen.com\/portal\/2019\/07\/02\/sindelicu-odreden-ekstradicioni-pritvor\/","title":{"rendered":"Sin\u0111eli\u0107u odre\u0111en ekstradicioni pritvor"},"content":{"rendered":"<div id=\"attachment_235312\" style=\"width: 310px\" class=\"wp-caption alignright\"><img loading=\"lazy\" decoding=\"async\" aria-describedby=\"caption-attachment-235312\" class=\"size-medium wp-image-235312\" src=\"http:\/\/www.pcnen.com\/portal\/wp-content\/uploads\/2017\/10\/Sasa-Sindjelic-300x229.jpg\" alt=\"\" width=\"300\" height=\"229\" \/><p id=\"caption-attachment-235312\" class=\"wp-caption-text\">Sa\u0161a Sin\u0111eli\u0107 svjedo\u010di u sudnici Vi\u0161eg suda u Podgorici\/screenshot<\/p><\/div>\n<p>Sudija za istrage Vi\u0161eg suda u Podgorici je odredio ekstradicioni pritvor Sa\u0161i Sin\u0111eli\u0107u, svjedoku saradniku u sudskom procesu navodnog poku\u0161aj dr\u017eavnog udara u Crnoj Gori u kome su nepravosn\u017eno osu\u0111eni lideri Demokratskog fronta Andrija Mandi\u0107 i Milan Kne\u017eevi\u0107, Mandi\u0107ev voza\u010d, dvojica ruskih i vi\u0161e dr\u017eavljana Srbije,<\/p>\n<p>Radio Slobodna Evropa (RSE) je objavila da je ta\u010dnost informacije potvrdila portparolka Vi\u0161eg suda u Podgorici Aida Muzurovi\u0107, navode\u0107i da je odre\u0111ivanje ekstradicionog pritvora uslijedilo nakon saslu\u0161anja Sin\u0111eli\u0107a pred sudojom za istrage, a na osnovu me\u0111unarodne potjernice iz Hrvatske.<\/p>\n<p>Muzurovi\u0107 je kazala za \u00a0RSE da Sin\u0111eli\u0107 ima pravo \u017ealbe na odluku o ekstradicionom pritvoru.<\/p>\n<p>Sin\u0111eli\u0107 je nedavno <a href=\"http:\/\/www.pcnen.com\/portal\/2019\/06\/18\/sindelic-ponovo-u-crnoj-gori\/\">ilegalno u\u0161ao u Crnu Goru<\/a>, van grani\u010dnog prelaza, sa namjerom da u Crnoj Gori zatra\u017ei politi\u010dki azil. U me\u0111uvremenu se oglasila i Uprava policije, koja je saop\u0161tila da je Sin\u0111eli\u0107 uhap\u0161en na osnovu me\u0111unarodne potjernice NCB Interpol Zagreb, koja je raspisana radi izdr\u017eavanja kazne zatvora po pravosna\u017enoj presudi u trajanju od 21 godinu na koju je osu\u0111en zbog krivi\u010dnog djela ubistvo i krivi\u010dnog djela te\u0161ka kra\u0111a po\u010dinjenih na teritoriji Republike Hrvatske.<\/p>\n<p>Sin\u0111eli\u0107a je u Hrvatskoj osu\u0111en zbog ubistva Mirka Fotisa.<\/p>\n","protected":false},"excerpt":{"rendered":"<p>Sudija za istrage Vi\u0161eg suda u Podgorici je odredio ekstradicioni pritvor Sa\u0161i Sin\u0111eli\u0107u, svjedoku saradniku u sudskom procesu navodnog poku\u0161aj dr\u017eavnog udara u Crnoj Gori u kome su nepravosn\u017eno osu\u0111eni lideri Demokratskog fronta Andrija Mandi\u0107 i Milan Kne\u017eevi\u0107, Mandi\u0107ev voza\u010d, dvojica ruskih i vi\u0161e dr\u017eavljana Srbije, Radio Slobodna Evropa (RSE) je objavila da je ta\u010dnost [&hellip;]<\/p>\n","protected":false},"author":1,"featured_media":0,"comment_status":"open","ping_status":"closed","sticky":false,"template":"","format":"standard","meta":{"_seopress_robots_primary_cat":"","_seopress_titles_title":"","_seopress_titles_desc":"","_seopress_robots_index":"","_et_pb_use_builder":"","_et_pb_old_content":"","_et_gb_content_width":"","inline_featured_image":false,"footnotes":""},"categories":[14,12],"tags":[],"class_list":["post-269239","post","type-post","status-publish","format-standard","hentry","category-vijesti","category-prica-dana"],"_links":{"self":[{"href":"https:\/\/www.pcnen.com\/portal\/wp-json\/wp\/v2\/posts\/269239","targetHints":{"allow":["GET"]}}],"collection":[{"href":"https:\/\/www.pcnen.com\/portal\/wp-json\/wp\/v2\/posts"}],"about":[{"href":"https:\/\/www.pcnen.com\/portal\/wp-json\/wp\/v2\/types\/post"}],"author":[{"embeddable":true,"href":"https:\/\/www.pcnen.com\/portal\/wp-json\/wp\/v2\/users\/1"}],"replies":[{"embeddable":true,"href":"https:\/\/www.pcnen.com\/portal\/wp-json\/wp\/v2\/comments?post=269239"}],"version-history":[{"count":0,"href":"https:\/\/www.pcnen.com\/portal\/wp-json\/wp\/v2\/posts\/269239\/revisions"}],"wp:attachment":[{"href":"https:\/\/www.pcnen.com\/portal\/wp-json\/wp\/v2\/media?parent=269239"}],"wp:term":[{"taxonomy":"category","embeddable":true,"href":"https:\/\/www.pcnen.com\/portal\/wp-json\/wp\/v2\/categories?post=269239"},{"taxonomy":"post_tag","embeddable":true,"href":"https:\/\/www.pcnen.com\/portal\/wp-json\/wp\/v2\/tags?post=269239"}],"curies":[{"name":"wp","href":"https:\/\/api.w.org\/{rel}","templated":true}]}}