{"id":269235,"date":"2019-07-02T10:06:15","date_gmt":"2019-07-02T08:06:15","guid":{"rendered":"http:\/\/www.pcnen.com\/portal\/?p=269235"},"modified":"2019-07-02T10:09:09","modified_gmt":"2019-07-02T08:09:09","slug":"medunarodni-nalog-za-hapsenje-radoicica","status":"publish","type":"post","link":"https:\/\/www.pcnen.com\/portal\/2019\/07\/02\/medunarodni-nalog-za-hapsenje-radoicica\/","title":{"rendered":"Me\u0111unarodni nalog za hap\u0161enje Radoi\u010di\u0107a"},"content":{"rendered":"<p>Godinu i po dana nakon <a href=\"http:\/\/www.pcnen.com\/portal\/2018\/01\/16\/ubijen-oliver-ivanovic\/\">ubistva lidera Gra\u0111anske inicijative Olivera Ivanovi\u0107a<\/a>, sud je raspisao me\u0111unarodni nalog za hap\u0161enje potpredsjednika Srpske liste Milana Radoi\u010di\u0107a, koji je osumnji\u010den za u\u010de\u0161\u0107e u ubistvu srpskog politi\u010dara.<\/p>\n<p><iframe loading=\"lazy\" title=\"Kosova l\u00ebshon urdh\u00ebr-arrest nd\u00ebrkomb\u00ebtar p\u00ebr Radoj\u00e7iqin, dyshohet se fshihet n\u00eb Serbi\" width=\"1080\" height=\"608\" src=\"https:\/\/www.youtube.com\/embed\/EjNJeHGBHKg?feature=oembed\" frameborder=\"0\" allow=\"accelerometer; autoplay; clipboard-write; encrypted-media; gyroscope; picture-in-picture; web-share\" allowfullscreen><\/iframe><\/p>\n<p>Radoi\u010di\u0107 je, tako\u0111e, osumnji\u010den za organizovani kriminal i druga te\u0161ka krivi\u010dna djela, prenosi Kossev.info vijest sa Koha.net.<\/p>\n<p>Nakon \u0161to je primilo dokumenta od EULEX-a, Specijalno tu\u017eila\u0161tvo nedavno je pro\u0161irilo istragu i na Zvonka Veselinovi\u0107a, koji je \u010desto u pratnji potpredsjednika Srpske liste.<\/p>\n<p>Na zahtjev tu\u017eila\u0161tva, sud je tako\u0111e izdao nalog za njegovo hap\u0161enje.<\/p>\n<p>Veselinovi\u0107, koji je vi\u0111en na Sjeveru pro\u0161le godine, osumnji\u010den je za organizovani kriminal, ugro\u017eavanje osoblja UN, izazivanje op\u0161te opasnosti i ubistvo Ivice Raji\u010di\u0107a 2014.<\/p>\n<p>Obojica tra\u017eenih Srba, pro\u0161log mjeseca su zajedno prisustvovali proslavi anti-albanskog tabloida \u2013 Informer iz Beograda.<\/p>\n<p>Kako Kosovo nije \u010dlan INTERPOL-a, podizanje me\u0111unarodnih potjernica se ostvaruje posredstvom UNMIK-a, napominje <a href=\"https:\/\/kossev.info\/koha-raspisana-medjunarodna-poternica-za-milanom-radoicicem\/\">kosovski portal na srpskom jeziku.<\/a><\/p>\n","protected":false},"excerpt":{"rendered":"<p>Godinu i po dana nakon ubistva lidera Gra\u0111anske inicijative Olivera Ivanovi\u0107a, sud je raspisao me\u0111unarodni nalog za hap\u0161enje potpredsjednika Srpske liste Milana Radoi\u010di\u0107a, koji je osumnji\u010den za u\u010de\u0161\u0107e u ubistvu srpskog politi\u010dara. Radoi\u010di\u0107 je, tako\u0111e, osumnji\u010den za organizovani kriminal i druga te\u0161ka krivi\u010dna djela, prenosi Kossev.info vijest sa Koha.net. Nakon \u0161to je primilo dokumenta od [&hellip;]<\/p>\n","protected":false},"author":1,"featured_media":242983,"comment_status":"open","ping_status":"closed","sticky":false,"template":"","format":"standard","meta":{"_seopress_robots_primary_cat":"","_seopress_titles_title":"","_seopress_titles_desc":"","_seopress_robots_index":"","_et_pb_use_builder":"","_et_pb_old_content":"","_et_gb_content_width":"","inline_featured_image":false,"footnotes":""},"categories":[14,12],"tags":[],"class_list":["post-269235","post","type-post","status-publish","format-standard","has-post-thumbnail","hentry","category-vijesti","category-prica-dana"],"_links":{"self":[{"href":"https:\/\/www.pcnen.com\/portal\/wp-json\/wp\/v2\/posts\/269235","targetHints":{"allow":["GET"]}}],"collection":[{"href":"https:\/\/www.pcnen.com\/portal\/wp-json\/wp\/v2\/posts"}],"about":[{"href":"https:\/\/www.pcnen.com\/portal\/wp-json\/wp\/v2\/types\/post"}],"author":[{"embeddable":true,"href":"https:\/\/www.pcnen.com\/portal\/wp-json\/wp\/v2\/users\/1"}],"replies":[{"embeddable":true,"href":"https:\/\/www.pcnen.com\/portal\/wp-json\/wp\/v2\/comments?post=269235"}],"version-history":[{"count":0,"href":"https:\/\/www.pcnen.com\/portal\/wp-json\/wp\/v2\/posts\/269235\/revisions"}],"wp:featuredmedia":[{"embeddable":true,"href":"https:\/\/www.pcnen.com\/portal\/wp-json\/wp\/v2\/media\/242983"}],"wp:attachment":[{"href":"https:\/\/www.pcnen.com\/portal\/wp-json\/wp\/v2\/media?parent=269235"}],"wp:term":[{"taxonomy":"category","embeddable":true,"href":"https:\/\/www.pcnen.com\/portal\/wp-json\/wp\/v2\/categories?post=269235"},{"taxonomy":"post_tag","embeddable":true,"href":"https:\/\/www.pcnen.com\/portal\/wp-json\/wp\/v2\/tags?post=269235"}],"curies":[{"name":"wp","href":"https:\/\/api.w.org\/{rel}","templated":true}]}}