{"id":269208,"date":"2019-07-01T22:06:58","date_gmt":"2019-07-01T20:06:58","guid":{"rendered":"http:\/\/www.pcnen.com\/portal\/?p=269208"},"modified":"2019-07-01T22:06:58","modified_gmt":"2019-07-01T20:06:58","slug":"u-utorak-veoma-toplo","status":"publish","type":"post","link":"https:\/\/www.pcnen.com\/portal\/2019\/07\/01\/u-utorak-veoma-toplo\/","title":{"rendered":"U utorak veoma toplo"},"content":{"rendered":"<p><img loading=\"lazy\" decoding=\"async\" src=\"http:\/\/www.pcnen.com\/portal\/wp-content\/uploads\/2016\/04\/suncano-300x211.png\" alt=\"\" width=\"300\" height=\"211\" class=\"alignright size-medium wp-image-203206\" \/>U Crnoj Gori \u0107e u utorak biti sun\u010dano i veoma toplo. <\/p>\n<p>Na sjeveru je ujutro po kotlinama mogu\u0107a kratkotrajno magla a u popodnevnim satima slab do umjeren razvoj obla\u010dnosti. <\/p>\n<p>Vjetar \u0107e biti slab do umjeren, promjenljiv. <\/p>\n<p>Jutarnja temperatura vazduha kreta\u0107e se od 11 do 24, najvi\u0161a dnevna 28 do 38 stepeni.<\/p>\n<p>U Podgorica \u0107e biti prete\u017eno sun\u010dano i veoma toplo. Pirka\u0107e slab do umjeren, promjenljiv vjetar. <\/p>\n<p>Jutarnja temperatura vazduha bi\u0107e oko 23, najvi\u0161a dnevna do 38 stepeni. <\/p>\n<p><a href=\"http:\/\/www.meteo.co.me\/misc.php?text=121&amp;sektor=1&amp;grad=MOJ\">Prognoza za ostale gradove.<\/a> <\/p>\n","protected":false},"excerpt":{"rendered":"<p>U Crnoj Gori \u0107e u utorak biti sun\u010dano i veoma toplo. Na sjeveru je ujutro po kotlinama mogu\u0107a kratkotrajno magla a u popodnevnim satima slab do umjeren razvoj obla\u010dnosti. Vjetar \u0107e biti slab do umjeren, promjenljiv. Jutarnja temperatura vazduha kreta\u0107e se od 11 do 24, najvi\u0161a dnevna 28 do 38 stepeni. U Podgorica \u0107e biti [&hellip;]<\/p>\n","protected":false},"author":1,"featured_media":0,"comment_status":"open","ping_status":"closed","sticky":false,"template":"","format":"standard","meta":{"_seopress_robots_primary_cat":"","_seopress_titles_title":"","_seopress_titles_desc":"","_seopress_robots_index":"","_et_pb_use_builder":"","_et_pb_old_content":"","_et_gb_content_width":"","inline_featured_image":false,"footnotes":""},"categories":[14,12],"tags":[],"class_list":["post-269208","post","type-post","status-publish","format-standard","hentry","category-vijesti","category-prica-dana"],"_links":{"self":[{"href":"https:\/\/www.pcnen.com\/portal\/wp-json\/wp\/v2\/posts\/269208","targetHints":{"allow":["GET"]}}],"collection":[{"href":"https:\/\/www.pcnen.com\/portal\/wp-json\/wp\/v2\/posts"}],"about":[{"href":"https:\/\/www.pcnen.com\/portal\/wp-json\/wp\/v2\/types\/post"}],"author":[{"embeddable":true,"href":"https:\/\/www.pcnen.com\/portal\/wp-json\/wp\/v2\/users\/1"}],"replies":[{"embeddable":true,"href":"https:\/\/www.pcnen.com\/portal\/wp-json\/wp\/v2\/comments?post=269208"}],"version-history":[{"count":0,"href":"https:\/\/www.pcnen.com\/portal\/wp-json\/wp\/v2\/posts\/269208\/revisions"}],"wp:attachment":[{"href":"https:\/\/www.pcnen.com\/portal\/wp-json\/wp\/v2\/media?parent=269208"}],"wp:term":[{"taxonomy":"category","embeddable":true,"href":"https:\/\/www.pcnen.com\/portal\/wp-json\/wp\/v2\/categories?post=269208"},{"taxonomy":"post_tag","embeddable":true,"href":"https:\/\/www.pcnen.com\/portal\/wp-json\/wp\/v2\/tags?post=269208"}],"curies":[{"name":"wp","href":"https:\/\/api.w.org\/{rel}","templated":true}]}}