{"id":269127,"date":"2019-06-30T18:34:11","date_gmt":"2019-06-30T16:34:11","guid":{"rendered":"http:\/\/www.pcnen.com\/portal\/?p=269127"},"modified":"2019-06-30T18:55:47","modified_gmt":"2019-06-30T16:55:47","slug":"preminuo-momir-bulatovic","status":"publish","type":"post","link":"https:\/\/www.pcnen.com\/portal\/2019\/06\/30\/preminuo-momir-bulatovic\/","title":{"rendered":"Preminuo Momir Bulatovi\u0107"},"content":{"rendered":"<p><img loading=\"lazy\" decoding=\"async\" src=\"http:\/\/www.pcnen.com\/portal\/wp-content\/uploads\/2017\/05\/Momir-Bulatovic-300x231.jpg\" alt=\"\" width=\"300\" height=\"231\" class=\"alignright size-medium wp-image-226592\" \/><a href=\"https:\/\/sr.wikipedia.org\/wiki\/%D0%9C%D0%BE%D0%BC%D0%B8%D1%80_%D0%91%D1%83%D0%BB%D0%B0%D1%82%D0%BE%D0%B2%D0%B8%D1%9B\">Momir Bulatovi\u0107,<\/a> biv\u0161i predsjednik Crne Gore (1990-1998) i predsjednik Savezne vlade SR Jugoslavije (1998-2000) preminuo je danas u 63. godini.<\/p>\n<p>Bulatovi\u0107 je diplomirao na Ekonomskom fakultetu u Podgorici i kasnije postao asistent na predmetu Politi\u010dka ekonomija i stekao titulu magistra ekonomskih nauka.<\/p>\n<p>Politikom se bavio u omladinskoj i studentskoj organizaciji. Izabran je 1989. godine za predsjednika Predsjedni\u0161tva SK Crne Gore, a predsjednik Crne Gore postaje na prvim vi\u0161estrana\u010dkim izborima 1990. godine, prenosi portal Vijesti.<\/p>\n<p>Poslije osam godina na \u010delu republike i sukoba u vrhu Demokratske partije socijalista, \u010diji je predsjednik bio od osnivanja, Bulatovi\u0107 gubi na predsjedni\u010dkim izborima od svog dotada\u0161njeg saradnika i premijera Crne Gore Mila \u0110ukanovi\u0107a.<\/p>\n<p>Obojicu ih je predlo\u017eila DPS, ali dva razli\u010dita krila. Krilo sa Bulatovi\u0107evim pristalicama, zbog zabrane kori\u0161\u0107enja imena DPS biva prinu\u0111eno da uzme novo ime \u2014 Socijalisti\u010dka narodna partija.<\/p>\n<p>Ubrzo poslije smjene 1998. godine uslijedila je ponuda Slobodana Milo\u0161evi\u0107a da sastavi kabinet na saveznom nivou gdje je Milo\u0161evi\u0107 tada bio predsjednik. Na ovom polo\u017eaju Bulatovi\u0107 se zadr\u017eao nepune dvije godine.<\/p>\n<p>Imao je neprijatnu du\u017enost da proglasi stanje neposredne ratne opasnosti, a zatim i ratno stanje u toku bombardovanja SRJ 1999. godine. Naredne godine pred septembarske savezne izbore je podr\u017eao Milo\u0161evi\u0107a.<\/p>\n<p>Njegov SNP trebalo je da poslije izbora u\u0111e u koaliciju sa SPS-om i JUL-om, a Bulatovi\u0107 je bio kandidat za premijera.<\/p>\n<p>DPS, SDP, NS i LSCG su tada bojkotovali savezne izbore pa je SNP olako osvojila 27 od 30 mandata namijenjenih za Crnu Goru.<\/p>\n<p>Kada je Milo\u0161evi\u0107 izgubio u trci za predsjednika od Vojislava Ko\u0161tunice, jedini mogu\u0107i koalicioni partner DOS-u mogao je biti SNP. Tada dolazi do preokreta u najve\u0107em dijelu vo\u0111stva SNP i oni odustaju od kandidature Bulatovi\u0107a za saveznog premijera, a predla\u017eu tada\u0161njeg potpredsjednika Zorana \u017di\u017ei\u0107a da do\u0111e na \u010delo Savezne vlade. Bulatovi\u0107 je po drugi put napustio sopstvenu partiju koju je osnovao i \u010diji je bio prvi predsjednik.<\/p>\n<p>Poslije ostavke u SNP-u, kada je na \u010delo partije do\u0161ao Predrag Bulatovi\u0107, pristalice Momira Bulatovi\u0107a su formirale Narodnu socijalisti\u010dku stranku. Povukao se iz politike i posvetio izradi doktorske disertacije.<\/p>\n","protected":false},"excerpt":{"rendered":"<p>Momir Bulatovi\u0107, biv\u0161i predsjednik Crne Gore (1990-1998) i predsjednik Savezne vlade SR Jugoslavije (1998-2000) preminuo je danas u 63. godini. Bulatovi\u0107 je diplomirao na Ekonomskom fakultetu u Podgorici i kasnije postao asistent na predmetu Politi\u010dka ekonomija i stekao titulu magistra ekonomskih nauka. Politikom se bavio u omladinskoj i studentskoj organizaciji. Izabran je 1989. godine za [&hellip;]<\/p>\n","protected":false},"author":1,"featured_media":0,"comment_status":"open","ping_status":"closed","sticky":false,"template":"","format":"standard","meta":{"_seopress_robots_primary_cat":"","_seopress_titles_title":"","_seopress_titles_desc":"","_seopress_robots_index":"","_et_pb_use_builder":"","_et_pb_old_content":"","_et_gb_content_width":"","inline_featured_image":false,"footnotes":""},"categories":[14,12],"tags":[],"class_list":["post-269127","post","type-post","status-publish","format-standard","hentry","category-vijesti","category-prica-dana"],"_links":{"self":[{"href":"https:\/\/www.pcnen.com\/portal\/wp-json\/wp\/v2\/posts\/269127","targetHints":{"allow":["GET"]}}],"collection":[{"href":"https:\/\/www.pcnen.com\/portal\/wp-json\/wp\/v2\/posts"}],"about":[{"href":"https:\/\/www.pcnen.com\/portal\/wp-json\/wp\/v2\/types\/post"}],"author":[{"embeddable":true,"href":"https:\/\/www.pcnen.com\/portal\/wp-json\/wp\/v2\/users\/1"}],"replies":[{"embeddable":true,"href":"https:\/\/www.pcnen.com\/portal\/wp-json\/wp\/v2\/comments?post=269127"}],"version-history":[{"count":0,"href":"https:\/\/www.pcnen.com\/portal\/wp-json\/wp\/v2\/posts\/269127\/revisions"}],"wp:attachment":[{"href":"https:\/\/www.pcnen.com\/portal\/wp-json\/wp\/v2\/media?parent=269127"}],"wp:term":[{"taxonomy":"category","embeddable":true,"href":"https:\/\/www.pcnen.com\/portal\/wp-json\/wp\/v2\/categories?post=269127"},{"taxonomy":"post_tag","embeddable":true,"href":"https:\/\/www.pcnen.com\/portal\/wp-json\/wp\/v2\/tags?post=269127"}],"curies":[{"name":"wp","href":"https:\/\/api.w.org\/{rel}","templated":true}]}}