{"id":269006,"date":"2019-06-29T13:27:34","date_gmt":"2019-06-29T11:27:34","guid":{"rendered":"http:\/\/www.pcnen.com\/portal\/?p=269006"},"modified":"2019-06-29T13:28:43","modified_gmt":"2019-06-29T11:28:43","slug":"dogovor-19-zemalja-o-klimi-bez-sad","status":"publish","type":"post","link":"https:\/\/www.pcnen.com\/portal\/2019\/06\/29\/dogovor-19-zemalja-o-klimi-bez-sad\/","title":{"rendered":"Dogovor 19 zemalja o klimi, bez SAD"},"content":{"rendered":"<p><img loading=\"lazy\" decoding=\"async\" src=\"http:\/\/www.pcnen.com\/portal\/wp-content\/uploads\/2017\/07\/g20.jpg\" alt=\"\" width=\"259\" height=\"195\" class=\"alignright size-full wp-image-229276\" \/>Zemlje \u010dlanice G20, s izuzetkom SAD, postigle su danas u Osaki dogovor po pitanju klime, naveli su francuski i njema\u010dki izvori.<\/p>\n<p>\u201eUsvojen je dokument o klimi\u201c, navedeno je iz okru\u017eenja francuskog predsjednika Emanuela Makrona neposredno pred zavr\u0161ni sastanak samita, prenosi Beta.<\/p>\n<p>Dokumentom je 19 zemalja potvrdilo podr\u0161ku Pariskom sporazumu iz 2015. o borbi protiv klimatskih promjena. SAD su se iz tog sporazuma povukle 2017. godine.<\/p>\n<p>Dogovor je postignut jutros posle dugih pregovora, dodatno ote\u017eavanih poku\u0161ajima SAD da blokiraju deklaraciju, kao \u0161to su \u010dinile i na samitima G20 u Hamburgu 2017. i Buenos Airesu 2018.<\/p>\n<p>Njema\u010dka kancelarka Angela Merkel je novinarima rekla da je tekst deklaracije \u201esli\u010dan\u201c pro\u0161logodi\u0161njem.<\/p>\n","protected":false},"excerpt":{"rendered":"<p>Zemlje \u010dlanice G20, s izuzetkom SAD, postigle su danas u Osaki dogovor po pitanju klime, naveli su francuski i njema\u010dki izvori. \u201eUsvojen je dokument o klimi\u201c, navedeno je iz okru\u017eenja francuskog predsjednika Emanuela Makrona neposredno pred zavr\u0161ni sastanak samita, prenosi Beta. Dokumentom je 19 zemalja potvrdilo podr\u0161ku Pariskom sporazumu iz 2015. o borbi protiv klimatskih [&hellip;]<\/p>\n","protected":false},"author":1,"featured_media":0,"comment_status":"open","ping_status":"closed","sticky":false,"template":"","format":"standard","meta":{"_seopress_robots_primary_cat":"","_seopress_titles_title":"","_seopress_titles_desc":"","_seopress_robots_index":"","_et_pb_use_builder":"","_et_pb_old_content":"","_et_gb_content_width":"","inline_featured_image":false,"footnotes":""},"categories":[14,12],"tags":[],"class_list":["post-269006","post","type-post","status-publish","format-standard","hentry","category-vijesti","category-prica-dana"],"_links":{"self":[{"href":"https:\/\/www.pcnen.com\/portal\/wp-json\/wp\/v2\/posts\/269006","targetHints":{"allow":["GET"]}}],"collection":[{"href":"https:\/\/www.pcnen.com\/portal\/wp-json\/wp\/v2\/posts"}],"about":[{"href":"https:\/\/www.pcnen.com\/portal\/wp-json\/wp\/v2\/types\/post"}],"author":[{"embeddable":true,"href":"https:\/\/www.pcnen.com\/portal\/wp-json\/wp\/v2\/users\/1"}],"replies":[{"embeddable":true,"href":"https:\/\/www.pcnen.com\/portal\/wp-json\/wp\/v2\/comments?post=269006"}],"version-history":[{"count":0,"href":"https:\/\/www.pcnen.com\/portal\/wp-json\/wp\/v2\/posts\/269006\/revisions"}],"wp:attachment":[{"href":"https:\/\/www.pcnen.com\/portal\/wp-json\/wp\/v2\/media?parent=269006"}],"wp:term":[{"taxonomy":"category","embeddable":true,"href":"https:\/\/www.pcnen.com\/portal\/wp-json\/wp\/v2\/categories?post=269006"},{"taxonomy":"post_tag","embeddable":true,"href":"https:\/\/www.pcnen.com\/portal\/wp-json\/wp\/v2\/tags?post=269006"}],"curies":[{"name":"wp","href":"https:\/\/api.w.org\/{rel}","templated":true}]}}