{"id":268993,"date":"2019-06-29T08:10:57","date_gmt":"2019-06-29T06:10:57","guid":{"rendered":"http:\/\/www.pcnen.com\/portal\/?p=268993"},"modified":"2019-06-29T13:42:10","modified_gmt":"2019-06-29T11:42:10","slug":"mirna-nikcevic-tuzi-darmanovica-i-ministarstvo","status":"publish","type":"post","link":"https:\/\/www.pcnen.com\/portal\/2019\/06\/29\/mirna-nikcevic-tuzi-darmanovica-i-ministarstvo\/","title":{"rendered":"Mirna Nik\u010devi\u0107 tu\u017ei Darmanovi\u0107a i ministarstvo"},"content":{"rendered":"<p><img loading=\"lazy\" decoding=\"async\" src=\"http:\/\/www.pcnen.com\/portal\/wp-content\/uploads\/2015\/10\/sudnica-300x215.jpg\" alt=\"\" width=\"300\" height=\"215\" class=\"alignright size-medium wp-image-191699\" \/>Savjetnica u crnogorskom Ministarstvu vanjskih poslova Mirna Nik\u010devi\u0107, koja je opozvana nakon poruka na fejsbuku u kojim je vrije\u0111ala vjernike Srpske pravoslavne crkve, uputila je otvoreno pismo ministru vanjskih poslova Sr\u0111anu Darmanovi\u0107u u kojem ga je obavijestila da \u0107e tu\u017eiti ministarstvo i njega li\u010dno.<\/p>\n<p>Ona je u pismu obavijestila Darmanovi\u0107a da \u0107e tu\u017eiti njega i ministarstvo za &#8220;sav mobing, primitivizam i lin\u010dovanje koje je nad njom izvr\u0161eno, a sve ovjereno njegovim potpisom, na pravno nevaljanim re\u0161enjima&#8221;.<\/p>\n<p>Opozvana slu\u017ebenica MVP zamjerila je ministru \u0161to je dopustio da je &#8220;\u010dere\u010de srpski i crnogorski tabloidi, ne mare\u0107i za posledice po njeno psihofizi\u010dko zdravlje, dijete i familiju&#8221;.<\/p>\n<p>Mirna Nik\u010devi\u010d je, u izrazito li\u010dno intoniranom obra\u0107anju, navela da ne postoji nijedan element za opoziv, &#8220;jer su samo tra\u017eili \u017ertvu da bi pokazali sebe kao &#8216;politi\u010dki korektne&#8217; oportuniste&#8221;, prenosi Beta.<\/p>\n<p>Ona navodi i da je njena prepiska s prijateljicom njena privatna rasprava, da je nije dala u svojstvu slu\u017ebenice u Ministarstvu kao i da su podlegli pritisku la\u017enih (fake) medija i povrijedili njeno radno pravo i pravo na privatnost.<\/p>\n<p>Ona je zatra\u017eila od MVP da se javno ogradi od navoda protiv nje iznijetih u Informeru, Kuriru i Alo-u za koje je ocijenila da \u010dine &#8220;regionalno prepoznatljivu svitu medija koji se bave kreiranjem la\u017enih vijesti&#8221;, zbog naru\u0161avanja privatnosti, prava na slobodu li\u010dnog stava i, najva\u017enije, identitetskog nacionalnog prava i ugleda dr\u017eave.<\/p>\n<p><a href=\"http:\/\/www.pcnen.com\/portal\/2019\/06\/18\/savjetnica-ambasade-milo-ce-vam-doci-glave-stoko-neotesana\/\">Mirni Nik\u010devi\u0107 je skra\u0107en mandat i<\/a> ona je suspendovana do pravosna\u017enog okon\u010danja disciplinskog postupka zbog stavova i komentara koje je iznijela na Fejsbuku. Ona je u prepisci sa svojom prijateljicom <a href=\"http:\/\/www.pcnen.com\/portal\/2019\/06\/17\/cg-ministarstvo-se-ogradilo-od-stavova-savjetnice-u-ankari\/\">vrije\u0111ala vjernike koji su se na Troj\u010dindanski dan okupili ispred<\/a> Sabornog hrama Hristovog vaskrsenja u Podgorici. Njeni stavovi u prepisci mogu se okarakterisati kao govor mr\u017enje. Izme\u0111u ostalog, navela je i da bi &#8220;zapalila Hram i sva goveda tamo&#8221; i da se radi o &#8220;kolja\u010dima primitivnim&#8221;.<\/p>\n","protected":false},"excerpt":{"rendered":"<p>Savjetnica u crnogorskom Ministarstvu vanjskih poslova Mirna Nik\u010devi\u0107, koja je opozvana nakon poruka na fejsbuku u kojim je vrije\u0111ala vjernike Srpske pravoslavne crkve, uputila je otvoreno pismo ministru vanjskih poslova Sr\u0111anu Darmanovi\u0107u u kojem ga je obavijestila da \u0107e tu\u017eiti ministarstvo i njega li\u010dno. Ona je u pismu obavijestila Darmanovi\u0107a da \u0107e tu\u017eiti njega i [&hellip;]<\/p>\n","protected":false},"author":1,"featured_media":0,"comment_status":"open","ping_status":"closed","sticky":false,"template":"","format":"standard","meta":{"_seopress_robots_primary_cat":"","_seopress_titles_title":"","_seopress_titles_desc":"","_seopress_robots_index":"","_et_pb_use_builder":"","_et_pb_old_content":"","_et_gb_content_width":"","inline_featured_image":false,"footnotes":""},"categories":[14,12],"tags":[],"class_list":["post-268993","post","type-post","status-publish","format-standard","hentry","category-vijesti","category-prica-dana"],"_links":{"self":[{"href":"https:\/\/www.pcnen.com\/portal\/wp-json\/wp\/v2\/posts\/268993","targetHints":{"allow":["GET"]}}],"collection":[{"href":"https:\/\/www.pcnen.com\/portal\/wp-json\/wp\/v2\/posts"}],"about":[{"href":"https:\/\/www.pcnen.com\/portal\/wp-json\/wp\/v2\/types\/post"}],"author":[{"embeddable":true,"href":"https:\/\/www.pcnen.com\/portal\/wp-json\/wp\/v2\/users\/1"}],"replies":[{"embeddable":true,"href":"https:\/\/www.pcnen.com\/portal\/wp-json\/wp\/v2\/comments?post=268993"}],"version-history":[{"count":0,"href":"https:\/\/www.pcnen.com\/portal\/wp-json\/wp\/v2\/posts\/268993\/revisions"}],"wp:attachment":[{"href":"https:\/\/www.pcnen.com\/portal\/wp-json\/wp\/v2\/media?parent=268993"}],"wp:term":[{"taxonomy":"category","embeddable":true,"href":"https:\/\/www.pcnen.com\/portal\/wp-json\/wp\/v2\/categories?post=268993"},{"taxonomy":"post_tag","embeddable":true,"href":"https:\/\/www.pcnen.com\/portal\/wp-json\/wp\/v2\/tags?post=268993"}],"curies":[{"name":"wp","href":"https:\/\/api.w.org\/{rel}","templated":true}]}}