{"id":268982,"date":"2019-06-28T21:47:23","date_gmt":"2019-06-28T19:47:23","guid":{"rendered":"http:\/\/www.pcnen.com\/portal\/?p=268982"},"modified":"2019-06-28T21:47:23","modified_gmt":"2019-06-28T19:47:23","slug":"suncano-do-34-stepena-5","status":"publish","type":"post","link":"https:\/\/www.pcnen.com\/portal\/2019\/06\/28\/suncano-do-34-stepena-5\/","title":{"rendered":"Sun\u010dano, do 34 stepena"},"content":{"rendered":"<p><img loading=\"lazy\" decoding=\"async\" src=\"http:\/\/www.pcnen.com\/portal\/wp-content\/uploads\/2017\/06\/vruce-1-300x200.jpg\" alt=\"\" width=\"300\" height=\"200\" class=\"alignright size-medium wp-image-228781\" \/>U subotu \u0107e u Crnoj Gori biti prete\u017eno sun\u010dano i toplo. <\/p>\n<p>Na sjeveru je ujutro mogu\u0107a kratkotrajno magla ili niska obla\u010dnost.<\/p>\n<p>Sjeverac \u0107e mjestimi\u010dno biti umjeren do poja\u010dan, krajem dana i tokom no\u0107i poja\u010dan i jak. <\/p>\n<p>Jutarnja temperatura vazduha bi\u0107e od 11 do 26, najvi\u0161a dnevna 20 do 34 stepena.<\/p>\n<p>U Podgoricai \u0107e biti sun\u010dano i veoma toplo. Duva\u0107e vjetar umjeren do poja\u010dan, krajem dana i tokom no\u0107i na udare jak, sjeverni i sjeveroisto\u010dni. <\/p>\n<p>Jutarnja temperatura vazduha bi\u0107e oko 25, najvi\u0161a dnevna do 34 stepena.<\/p>\n<p><a href=\"http:\/\/www.meteo.co.me\/misc.php?text=121&amp;sektor=1&amp;grad=MOJ\">Prognoza za ostale gradove.<\/a><\/p>\n","protected":false},"excerpt":{"rendered":"<p>U subotu \u0107e u Crnoj Gori biti prete\u017eno sun\u010dano i toplo. Na sjeveru je ujutro mogu\u0107a kratkotrajno magla ili niska obla\u010dnost. Sjeverac \u0107e mjestimi\u010dno biti umjeren do poja\u010dan, krajem dana i tokom no\u0107i poja\u010dan i jak. Jutarnja temperatura vazduha bi\u0107e od 11 do 26, najvi\u0161a dnevna 20 do 34 stepena. U Podgoricai \u0107e biti sun\u010dano [&hellip;]<\/p>\n","protected":false},"author":1,"featured_media":0,"comment_status":"open","ping_status":"closed","sticky":false,"template":"","format":"standard","meta":{"_seopress_robots_primary_cat":"","_seopress_titles_title":"","_seopress_titles_desc":"","_seopress_robots_index":"","_et_pb_use_builder":"","_et_pb_old_content":"","_et_gb_content_width":"","inline_featured_image":false,"footnotes":""},"categories":[14,12],"tags":[],"class_list":["post-268982","post","type-post","status-publish","format-standard","hentry","category-vijesti","category-prica-dana"],"_links":{"self":[{"href":"https:\/\/www.pcnen.com\/portal\/wp-json\/wp\/v2\/posts\/268982","targetHints":{"allow":["GET"]}}],"collection":[{"href":"https:\/\/www.pcnen.com\/portal\/wp-json\/wp\/v2\/posts"}],"about":[{"href":"https:\/\/www.pcnen.com\/portal\/wp-json\/wp\/v2\/types\/post"}],"author":[{"embeddable":true,"href":"https:\/\/www.pcnen.com\/portal\/wp-json\/wp\/v2\/users\/1"}],"replies":[{"embeddable":true,"href":"https:\/\/www.pcnen.com\/portal\/wp-json\/wp\/v2\/comments?post=268982"}],"version-history":[{"count":0,"href":"https:\/\/www.pcnen.com\/portal\/wp-json\/wp\/v2\/posts\/268982\/revisions"}],"wp:attachment":[{"href":"https:\/\/www.pcnen.com\/portal\/wp-json\/wp\/v2\/media?parent=268982"}],"wp:term":[{"taxonomy":"category","embeddable":true,"href":"https:\/\/www.pcnen.com\/portal\/wp-json\/wp\/v2\/categories?post=268982"},{"taxonomy":"post_tag","embeddable":true,"href":"https:\/\/www.pcnen.com\/portal\/wp-json\/wp\/v2\/tags?post=268982"}],"curies":[{"name":"wp","href":"https:\/\/api.w.org\/{rel}","templated":true}]}}