{"id":268968,"date":"2019-06-28T14:57:42","date_gmt":"2019-06-28T12:57:42","guid":{"rendered":"http:\/\/www.pcnen.com\/portal\/?p=268968"},"modified":"2019-06-28T14:57:42","modified_gmt":"2019-06-28T12:57:42","slug":"putin-liberalna-ideja-je-jednostavno-zastarjela","status":"publish","type":"post","link":"https:\/\/www.pcnen.com\/portal\/2019\/06\/28\/putin-liberalna-ideja-je-jednostavno-zastarjela\/","title":{"rendered":"Putin: Liberalna ideja je jednostavno zastarjela"},"content":{"rendered":"<p><img loading=\"lazy\" decoding=\"async\" class=\" wp-image-226373 alignleft\" src=\"http:\/\/www.pcnen.com\/portal\/wp-content\/uploads\/2017\/05\/Putin-Vladimir-300x169.jpg\" alt=\"\" width=\"218\" height=\"123\" \/>Predsjednik Rusije Vladimir Putin je kazao, u intervjuu za Fajnen\u0161el tajms, koji prenosi SOTT, da je, po njegovom mi\u0161ljenju, liberalna ideja \u201cjednostavno zastarjela\u201c.<\/p>\n<p>\u201cPrema nekim njenim elementima, a na\u0161i su zapadni partneri to priznali, neki od njenih elemenata su jednostavno nerealni, kao multikulturalizam, i tako dalje. Kada je po\u010deo problem migracije, mnogi su priznali da, na\u017ealost, to ne funkcioni\u0161e i da se trebamo sjetiti interesa autohtonog stanovni\u0161tva. Iako je to razumljivo, mora se misliti i na one ljude koji se nalaze u te\u0161koj situaciji zbog razli\u010ditih politi\u010dkih razloga u svojoj domovini. Zanimljivo, ali \u0161to je s interesima vlastitog stanovni\u0161tva kada to vi\u0161e nije desetak ljudi, ve\u0107 govorimo o hiljadama, stotinama hiljada ljudi koji dolaze u zemlje zapadne Europe?\u201c, kazao je Putin.<\/p>\n<p>On je rekao da mu se \u010dini \u201cda nikada nije bilo \u010disto liberalnih ideja ili \u010disto tradicionalnih ideja\u201c. \u201cVjerovatno je to bilo u istoriji \u010dovje\u010danstva, ali sve vrlo brzo prestaje kada nema razli\u010ditosti. Sve po\u010dinje i\u0107i u krajnost. Neophodno je dati mogu\u0107nost postojanja i izra\u017eavanja razli\u010ditim idejama i razli\u010ditim mi\u0161ljenjima, ali nikada ne zaboraviti na interese op\u0161te populacije, milioni ljudi i od \u010dega \u017eive. To se ne smije zaboraviti\u201c, rekao je Putin.<\/p>\n<p>\u201cOnda mi se \u010dini da \u0107emo izbje\u0107i neke velike politi\u010dke preokrete. To vrijedi i za liberalnu ideju. To ne zna\u010di da se mora odmah po\u010deti uni\u0161tavati, iako je sada, kako ja vjerujem, prestala dominirati. Tako\u0111e je potrebno s po\u0161tovanjem postupati svim stajali\u0161tima\u201c, <a href=\"https:\/\/hr.sott.net\/article\/23107-Transkript-Putinovog-intervjua-za-The-Financial-Times-Liberalna-ideja-nije-uspjela-na-Zapadu-elite-su-zaboravile-na-ljude\">kazao je predsjednk Rusije, prenosi SOTT.<\/a><\/p>\n","protected":false},"excerpt":{"rendered":"<p>Predsjednik Rusije Vladimir Putin je kazao, u intervjuu za Fajnen\u0161el tajms, koji prenosi SOTT, da je, po njegovom mi\u0161ljenju, liberalna ideja \u201cjednostavno zastarjela\u201c. \u201cPrema nekim njenim elementima, a na\u0161i su zapadni partneri to priznali, neki od njenih elemenata su jednostavno nerealni, kao multikulturalizam, i tako dalje. Kada je po\u010deo problem migracije, mnogi su priznali da, [&hellip;]<\/p>\n","protected":false},"author":1,"featured_media":0,"comment_status":"open","ping_status":"closed","sticky":false,"template":"","format":"standard","meta":{"_seopress_robots_primary_cat":"","_seopress_titles_title":"","_seopress_titles_desc":"","_seopress_robots_index":"","_et_pb_use_builder":"","_et_pb_old_content":"","_et_gb_content_width":"","inline_featured_image":false,"footnotes":""},"categories":[14,12],"tags":[],"class_list":["post-268968","post","type-post","status-publish","format-standard","hentry","category-vijesti","category-prica-dana"],"_links":{"self":[{"href":"https:\/\/www.pcnen.com\/portal\/wp-json\/wp\/v2\/posts\/268968","targetHints":{"allow":["GET"]}}],"collection":[{"href":"https:\/\/www.pcnen.com\/portal\/wp-json\/wp\/v2\/posts"}],"about":[{"href":"https:\/\/www.pcnen.com\/portal\/wp-json\/wp\/v2\/types\/post"}],"author":[{"embeddable":true,"href":"https:\/\/www.pcnen.com\/portal\/wp-json\/wp\/v2\/users\/1"}],"replies":[{"embeddable":true,"href":"https:\/\/www.pcnen.com\/portal\/wp-json\/wp\/v2\/comments?post=268968"}],"version-history":[{"count":0,"href":"https:\/\/www.pcnen.com\/portal\/wp-json\/wp\/v2\/posts\/268968\/revisions"}],"wp:attachment":[{"href":"https:\/\/www.pcnen.com\/portal\/wp-json\/wp\/v2\/media?parent=268968"}],"wp:term":[{"taxonomy":"category","embeddable":true,"href":"https:\/\/www.pcnen.com\/portal\/wp-json\/wp\/v2\/categories?post=268968"},{"taxonomy":"post_tag","embeddable":true,"href":"https:\/\/www.pcnen.com\/portal\/wp-json\/wp\/v2\/tags?post=268968"}],"curies":[{"name":"wp","href":"https:\/\/api.w.org\/{rel}","templated":true}]}}