{"id":268966,"date":"2019-06-28T14:33:46","date_gmt":"2019-06-28T12:33:46","guid":{"rendered":"http:\/\/www.pcnen.com\/portal\/?p=268966"},"modified":"2019-06-28T14:33:46","modified_gmt":"2019-06-28T12:33:46","slug":"neophodan-zaokret-u-pregovarackom-procesu-sa-eu","status":"publish","type":"post","link":"https:\/\/www.pcnen.com\/portal\/2019\/06\/28\/neophodan-zaokret-u-pregovarackom-procesu-sa-eu\/","title":{"rendered":"Neophodan zaokret u pregovara\u010dkom procesu sa EU"},"content":{"rendered":"<p><img loading=\"lazy\" decoding=\"async\" class=\"size-medium wp-image-69397 alignleft\" src=\"http:\/\/www.pcnen.com\/portal\/wp-content\/uploads\/2011\/12\/crna-gora-eu-240x300.jpg\" alt=\"\" width=\"240\" height=\"300\" \/>Crnoj Gori je neophodan zaokret u pregovara\u010dkom procesu sa Evropskom unijom (EU), poru\u010deno je sa konferencije povodom sedmogodi\u0161njice po\u010detka pregovora, koja je danas odr\u017eana u Podgorici.<\/p>\n<p>Konferenciju \u201cSedam godina crnogorskih pregovora sa EU\u201d organizovao je Centar za gra\u0111ansko obrazovanje (CGO), uz podr\u0161ku Ministarstva javne uprave, njema\u010dke fondacije Fridrih Ebert i Kancelarije za evropske integracije Vlade, izvje\u0161tava agencija Mina.<\/p>\n<p>Crnogorski premijer Du\u0161ko Markovi\u0107 je kazao da Crna Gora pouzdano napreduje ka \u010dlanstvu u EU, i najavio da \u0107e Vlada inovirati i osvje\u017eiti pregovara\u010dki model.<\/p>\n<p>Izvr\u0161na direktorica CGO Daliborka Uljarevi\u0107 je kazala da posljednji Izvje\u0161taj EK daje ozbiljno poljuljanu sliku crnogorskog kredibiliteta u pregovara\u010dkom procesu.<\/p>\n<p>\u201cU 28 poglavlja bilje\u017eimo ograni\u010den napredak, a za godinu se smanjio broj poglavlja u kojima smo imali dobar napredak\u201c, rekla je Uljarevi\u0107.<\/p>\n<p>\u0160ef Delegacije EU u Crnoj Gori Aivo Orav je kazao da u procesu pregovaranja sa Unijom nema kompromisa.<\/p>\n<p>On je upozorio da, ako nema napretka u pregovara\u010dkim poglavljima 23 i 24, to mo\u017ee da dovede do nazadovanja ili zaustavljanja pregovora u drugim oblastima.<\/p>\n<p>Glavni pregovara\u010d Crne Gore sa EU Aleksandar Drljevi\u0107 je kazao da se Crna Gora od po\u010detka pregovora suo\u010dava sa pitanjem da li se moglo vi\u0161e i bolje i da li je dinamika pristupanja EU zadovoljavaju\u0107a.<\/p>\n<p>\u201cSvakako da uvijek mo\u017ee i bolje i vi\u0161e. Uzimaju\u0107i u obzir kontekst u kom se nalazimo, mo\u017eemo biti zadovoljni onim \u0161to je ura\u0111eno. Da li treba da budemo apsolutno zadovoljni i stanemo? Apsolutno ne\u201c, rekao je Drljevi\u0107, <a href=\"https:\/\/www.mina.news\/crnagora\/neophodan-zaokret-u-pregovarackom-procesu-sa-eu\/\">prenosi Mina.<\/a><\/p>\n","protected":false},"excerpt":{"rendered":"<p>\u0160ef Delegacije EU u Crnoj Gori Aivo Orav je kazao da u procesu pregovaranja sa Unijom nema kompromisa<\/p>\n","protected":false},"author":1,"featured_media":0,"comment_status":"open","ping_status":"closed","sticky":false,"template":"","format":"standard","meta":{"_seopress_robots_primary_cat":"","_seopress_titles_title":"","_seopress_titles_desc":"","_seopress_robots_index":"","_et_pb_use_builder":"","_et_pb_old_content":"","_et_gb_content_width":"","inline_featured_image":false,"footnotes":""},"categories":[14,12],"tags":[],"class_list":["post-268966","post","type-post","status-publish","format-standard","hentry","category-vijesti","category-prica-dana"],"_links":{"self":[{"href":"https:\/\/www.pcnen.com\/portal\/wp-json\/wp\/v2\/posts\/268966","targetHints":{"allow":["GET"]}}],"collection":[{"href":"https:\/\/www.pcnen.com\/portal\/wp-json\/wp\/v2\/posts"}],"about":[{"href":"https:\/\/www.pcnen.com\/portal\/wp-json\/wp\/v2\/types\/post"}],"author":[{"embeddable":true,"href":"https:\/\/www.pcnen.com\/portal\/wp-json\/wp\/v2\/users\/1"}],"replies":[{"embeddable":true,"href":"https:\/\/www.pcnen.com\/portal\/wp-json\/wp\/v2\/comments?post=268966"}],"version-history":[{"count":0,"href":"https:\/\/www.pcnen.com\/portal\/wp-json\/wp\/v2\/posts\/268966\/revisions"}],"wp:attachment":[{"href":"https:\/\/www.pcnen.com\/portal\/wp-json\/wp\/v2\/media?parent=268966"}],"wp:term":[{"taxonomy":"category","embeddable":true,"href":"https:\/\/www.pcnen.com\/portal\/wp-json\/wp\/v2\/categories?post=268966"},{"taxonomy":"post_tag","embeddable":true,"href":"https:\/\/www.pcnen.com\/portal\/wp-json\/wp\/v2\/tags?post=268966"}],"curies":[{"name":"wp","href":"https:\/\/api.w.org\/{rel}","templated":true}]}}