{"id":268939,"date":"2019-06-28T06:44:19","date_gmt":"2019-06-28T04:44:19","guid":{"rendered":"http:\/\/www.pcnen.com\/portal\/?p=268939"},"modified":"2019-06-28T06:44:19","modified_gmt":"2019-06-28T04:44:19","slug":"bre-elita-dosad-nevidena","status":"publish","type":"post","link":"https:\/\/www.pcnen.com\/portal\/2019\/06\/28\/bre-elita-dosad-nevidena\/","title":{"rendered":"Bre, elita dosad nevi\u0111ena"},"content":{"rendered":"<p><strong>Pi\u0161e: Vesna Raki\u0107 Vodineli\u0107<br \/>\n<\/strong><\/p>\n<p><img loading=\"lazy\" decoding=\"async\" class=\"size-medium wp-image-201462 aligncenter\" src=\"http:\/\/www.pcnen.com\/portal\/wp-content\/uploads\/2016\/03\/Vesna-Rakic-Vodinelic-300x220.jpg\" alt=\"\" width=\"300\" height=\"220\" \/><\/p>\n<p style=\"text-align: center;\">Govor dr\u017ei Vu\u010di\u0107 Aleksandre<br \/>\nU kongresnom centru skrovitome,<br \/>\n\u0160umicama, podno Beograda.<br \/>\nSvu gospodu pred sebe sjednuo,<br \/>\nSvu gospodu, ali i gospo\u0111e,<br \/>\nPa uzima zlatna mikrofona<br \/>\nI besjedi svoj gospodi srpskoj:<\/p>\n<p style=\"text-align: center;\">\u201eKog` \u0107u ovdje prvog pomenuti<br \/>\nI kome \u0107u \u010da\u0161om nazdraviti,<br \/>\n\u010ca\u0161om vode s govorni\u010dkog pulta?<\/p>\n<p style=\"text-align: center;\">Ako \u0107u je napit` po juna\u0161tvu,<br \/>\nNapi\u0107u je Babi\u0107u Zoranu \u2013<br \/>\nSramota je takome junaku<br \/>\nD\u017eilitnut` se, ne pogodit` cilja,<br \/>\nMje\u0161t` Sopota, Brijume pohodit`,<br \/>\nVazduplohov tamo prizemljiti.<\/p>\n<p style=\"text-align: center;\">Ako \u0107u je napit` po pameti,<br \/>\nNapi\u0107u je mom Vu\u010di\u0107evi\u0107u,<br \/>\n\u010cijoj glavi daska nedostaje,<br \/>\nTe on dasku navr` glave tura.<br \/>\nTako odma` svima poru\u010duje<br \/>\n\u0160ta je \u010dudo medijskog nastupa.<\/p>\n<p style=\"text-align: center;\">Ako \u0107u je napit` po ljepoti,<br \/>\nNapi\u0107u je Gojkovi\u0107ki Maji,<br \/>\nJer mi njene sve \u0161anel torbice,<br \/>\nZaklanjaju sirotinju raju.<br \/>\nRaja nam je siva i musava,<br \/>\nA ponekad zna se i pobunit`,<br \/>\nDerati se meni pod prozore,<br \/>\nOmetati unutra\u0161njeg mira!<\/p>\n<p style=\"text-align: center;\">Ako \u0107u je napit` po gospodstvu,<br \/>\nNapi\u0107u je \u0160ar\u010devi\u0107-ministru,<br \/>\n\u0160to zalupi vrata kabineta<br \/>\nSvoj \u017egadiji \u0161kolskoj po Srbiji.<br \/>\nDavor, \u0160aro, davor dobro moje,<br \/>\nJer, bre, s tobom daleko stigosmo!<\/p>\n<p style=\"text-align: center;\">Ako \u0107u je napit` po visini,<br \/>\nNapi\u0107u je Vesi\u0107u Goranu,<br \/>\nJer dovede gradu Beogradu,<br \/>\nSinje more od otpadne vode!<br \/>\nNiko nikad od kamenog doba,<br \/>\nNije more od toga pravio!\u201c<\/p>\n<p style=\"text-align: center;\">Poniknula sva srpska elita.<br \/>\nSem komarca kog` Vesi\u0107 proma\u0161i,<br \/>\nZvuk ti\u0161ine \u0160umicama vlada.<br \/>\nAl` se brzo aplauz prolomi,<br \/>\nJer svi znaju podi\u0107` gospodaru,<br \/>\nPak govore tiho podani\u010dki:<\/p>\n<p style=\"text-align: center;\">\u201eCare Aco, vebersko koljeno,<br \/>\nMi nevjera nikad nismo bili,<br \/>\nGoni\u0107emo protivnike Tvoje,<br \/>\nOd kol`jevke do Novoga groblja,<br \/>\nVezivat` im ruke naopako,<br \/>\nSvi \u0107emo ih biti i mu\u010diti,<br \/>\n\u0160tanglama im razbijati glave,<br \/>\nU tom poslu slo\u017eni \u0107emo biti!\u201c<\/p>\n<p style=\"text-align: center;\">Slu\u0161a Vu\u010di\u0107 svu svoju elitu,<br \/>\nNe vjeruje nikome ni r`je\u010di,<br \/>\nPa nastavi dalje ih pla\u0161iti:<\/p>\n<p style=\"text-align: center;\">\u201eBesjedite glasno kako volim,<br \/>\nAl` ja \u010dujem govor unutra\u0161nji,<br \/>\nPoligraf mi damarima javlja.<br \/>\nNikome ja ni\u0161ta ne vjerujem,<br \/>\nJer svi ste se priklonili carstvu,<br \/>\nSamo zato \u0161to ja sada vladam!<br \/>\nZato odoh crnom Sarapinu,<br \/>\nU Pinkove bezbjednosne dvore,<br \/>\nDa objasnim sirotinji raji,<br \/>\nDa sam dov`jek jedan i jedini.\u201c<\/p>\n<p style=\"text-align: left;\"><a href=\"https:\/\/pescanik.net\/bre-elita-dosad-nevidjena\/\">Pe\u0161\u010danik.net<\/a><\/p>\n","protected":false},"excerpt":{"rendered":"<p>Govor dr\u017ei Vu\u010di\u0107 Aleksandre\/U kongresnom centru skrovitome,\/<br \/>\n\u0160umicama, podno Beograda<\/p>\n","protected":false},"author":1,"featured_media":0,"comment_status":"open","ping_status":"closed","sticky":false,"template":"","format":"standard","meta":{"_seopress_robots_primary_cat":"","_seopress_titles_title":"","_seopress_titles_desc":"","_seopress_robots_index":"","_et_pb_use_builder":"","_et_pb_old_content":"","_et_gb_content_width":"","inline_featured_image":false,"footnotes":""},"categories":[5],"tags":[],"class_list":["post-268939","post","type-post","status-publish","format-standard","hentry","category-drugi-pisu"],"_links":{"self":[{"href":"https:\/\/www.pcnen.com\/portal\/wp-json\/wp\/v2\/posts\/268939","targetHints":{"allow":["GET"]}}],"collection":[{"href":"https:\/\/www.pcnen.com\/portal\/wp-json\/wp\/v2\/posts"}],"about":[{"href":"https:\/\/www.pcnen.com\/portal\/wp-json\/wp\/v2\/types\/post"}],"author":[{"embeddable":true,"href":"https:\/\/www.pcnen.com\/portal\/wp-json\/wp\/v2\/users\/1"}],"replies":[{"embeddable":true,"href":"https:\/\/www.pcnen.com\/portal\/wp-json\/wp\/v2\/comments?post=268939"}],"version-history":[{"count":0,"href":"https:\/\/www.pcnen.com\/portal\/wp-json\/wp\/v2\/posts\/268939\/revisions"}],"wp:attachment":[{"href":"https:\/\/www.pcnen.com\/portal\/wp-json\/wp\/v2\/media?parent=268939"}],"wp:term":[{"taxonomy":"category","embeddable":true,"href":"https:\/\/www.pcnen.com\/portal\/wp-json\/wp\/v2\/categories?post=268939"},{"taxonomy":"post_tag","embeddable":true,"href":"https:\/\/www.pcnen.com\/portal\/wp-json\/wp\/v2\/tags?post=268939"}],"curies":[{"name":"wp","href":"https:\/\/api.w.org\/{rel}","templated":true}]}}