{"id":268912,"date":"2019-06-27T13:52:00","date_gmt":"2019-06-27T11:52:00","guid":{"rendered":"http:\/\/www.pcnen.com\/portal\/?p=268912"},"modified":"2019-06-27T13:52:00","modified_gmt":"2019-06-27T11:52:00","slug":"odbornicka-vecina-smijenila-predsjednicu-so-kotor","status":"publish","type":"post","link":"https:\/\/www.pcnen.com\/portal\/2019\/06\/27\/odbornicka-vecina-smijenila-predsjednicu-so-kotor\/","title":{"rendered":"Odborni\u010dka ve\u0107ina smijenila predsjednicu SO Kotor"},"content":{"rendered":"<p class=\"TableContents\" style=\"layout-grid-mode: char;\"><img loading=\"lazy\" decoding=\"async\" class=\"alignright size-medium wp-image-132706\" src=\"http:\/\/www.pcnen.com\/portal\/wp-content\/uploads\/2013\/12\/glasanje-300x192.jpg\" alt=\"\" width=\"300\" height=\"192\" \/>Predsjednica Skup\u0161tine Op\u0161tine (SO) Kotor Dragica Perovi\u0107 smijenjena je danas sa te funkcije glasovima odbornika Demokratske partije socijalista (DPS), Socijaldemokrata, Hrvatske gra\u0111anske inicijatve (HGI), Liberalne partije (LP) i Brune Lon\u010darevi\u0107, prenosi MINA informaciju koju joj je saop\u0161tio predsjednik kotorskog odbora DPS \u017deljko Aprcovi\u0107.<\/p>\n<p class=\"TableContents\" style=\"layout-grid-mode: char;\">\u201cMi smo i danas do\u0161li u deset sati ispred palate Bizanti, ali kako nijesu bila otvorena vrata, morali smo da se poslu\u017eimo alternativnim prostorom. Sjednicu smo odr\u017eali u kongresnoj sali hotela &#8216;Vardar&#8217; i donijeli odluku da razrije\u0161imo Perovi\u0107\u201c, rekao je Aprcovi\u0107.<\/p>\n<p class=\"TableContents\" style=\"layout-grid-mode: char;\">Perovi\u0107 je ranije <a href=\"http:\/\/www.radiokotor.info\/radio\/index.php\/78-lokalne-vijesti\/25854-perovic-sazvala-skupstinu-za-10-jul\">zakazala sjednicu lokalne Skup\u0161tine za 10. jul<\/a>, i svoje razrje\u0161enje navela u predlogu dnevnog reda.<\/p>\n","protected":false},"excerpt":{"rendered":"<p>Predsjednica Skup\u0161tine Op\u0161tine (SO) Kotor Dragica Perovi\u0107 smijenjena je danas sa te funkcije glasovima odbornika Demokratske partije socijalista (DPS), Socijaldemokrata, Hrvatske gra\u0111anske inicijatve (HGI), Liberalne partije (LP) i Brune Lon\u010darevi\u0107, prenosi MINA informaciju koju joj je saop\u0161tio predsjednik kotorskog odbora DPS \u017deljko Aprcovi\u0107. \u201cMi smo i danas do\u0161li u deset sati ispred palate Bizanti, ali [&hellip;]<\/p>\n","protected":false},"author":1,"featured_media":0,"comment_status":"open","ping_status":"closed","sticky":false,"template":"","format":"standard","meta":{"_seopress_robots_primary_cat":"","_seopress_titles_title":"","_seopress_titles_desc":"","_seopress_robots_index":"","_et_pb_use_builder":"","_et_pb_old_content":"","_et_gb_content_width":"","inline_featured_image":false,"footnotes":""},"categories":[14],"tags":[],"class_list":["post-268912","post","type-post","status-publish","format-standard","hentry","category-vijesti"],"_links":{"self":[{"href":"https:\/\/www.pcnen.com\/portal\/wp-json\/wp\/v2\/posts\/268912","targetHints":{"allow":["GET"]}}],"collection":[{"href":"https:\/\/www.pcnen.com\/portal\/wp-json\/wp\/v2\/posts"}],"about":[{"href":"https:\/\/www.pcnen.com\/portal\/wp-json\/wp\/v2\/types\/post"}],"author":[{"embeddable":true,"href":"https:\/\/www.pcnen.com\/portal\/wp-json\/wp\/v2\/users\/1"}],"replies":[{"embeddable":true,"href":"https:\/\/www.pcnen.com\/portal\/wp-json\/wp\/v2\/comments?post=268912"}],"version-history":[{"count":0,"href":"https:\/\/www.pcnen.com\/portal\/wp-json\/wp\/v2\/posts\/268912\/revisions"}],"wp:attachment":[{"href":"https:\/\/www.pcnen.com\/portal\/wp-json\/wp\/v2\/media?parent=268912"}],"wp:term":[{"taxonomy":"category","embeddable":true,"href":"https:\/\/www.pcnen.com\/portal\/wp-json\/wp\/v2\/categories?post=268912"},{"taxonomy":"post_tag","embeddable":true,"href":"https:\/\/www.pcnen.com\/portal\/wp-json\/wp\/v2\/tags?post=268912"}],"curies":[{"name":"wp","href":"https:\/\/api.w.org\/{rel}","templated":true}]}}