{"id":268899,"date":"2019-06-27T12:38:20","date_gmt":"2019-06-27T10:38:20","guid":{"rendered":"http:\/\/www.pcnen.com\/portal\/?p=268899"},"modified":"2019-06-27T12:57:27","modified_gmt":"2019-06-27T10:57:27","slug":"patrijarh-vartolomej-pisao-dukanovicu","status":"publish","type":"post","link":"https:\/\/www.pcnen.com\/portal\/2019\/06\/27\/patrijarh-vartolomej-pisao-dukanovicu\/","title":{"rendered":"Patrijarh Vartolomej pisao predsjedniku \u0110ukanovi\u0107u"},"content":{"rendered":"<p><img loading=\"lazy\" decoding=\"async\" class=\"alignright size-medium wp-image-261690\" src=\"http:\/\/www.pcnen.com\/portal\/wp-content\/uploads\/2019\/02\/vartolomej-vaseljenski-patrijarh-300x234.jpg\" alt=\"\" width=\"300\" height=\"234\" \/>Vaseljenski partijarh Vartolomej poru\u010dio je u pismu crnogorskom predsjedniku Milu \u0110ukanovi\u0107u da Vaseljenska patrijar\u0161ija, zajedno sa svim drugim pravoslavnim crkvama, kao jedinu kanonsku pravoslavnu jurisdikciju u Crnoj Gori priznaje onu mitropolita crnogorskog Amfilohija.<\/p>\n<p>Pismo Patrijarha Vaseljenskog Vartolomeja pedsjedniku Crne Gore Milu \u0110ukanovi\u0107u prenosimo integralno.<\/p>\n<blockquote><p>Sa rado\u0161\u0107u se obra\u0107amo Va\u0161oj uva\u017eenoj Ekselenciji, \u017eele\u0107i Vama i Va\u0161em vjernom narodu svakog vi\u0161njeg Bo\u017eijeg blagoslova.<\/p>\n<p>Nedavno smo u Vaseljenskoj Patrijar\u0161iji bili za\u010du\u0111eni saznanjem da ste iskazali svoju podr\u0161ku stvaranju Pravoslavne Crkve Crnogorske i da je Vlada Va\u0161e zemlje usvojila predlog zakona o slobodi vjeroispovijesti, koji predvi\u0111a podr\u017eavljenje svih pravoslavnih crkvi izgra\u0111enih prije 1918. godine, kao i druge crkvene imovine. Ovo bi zna\u010dilo da Va\u0161a dr\u017eava oduzima pravo svojine nad crkvama i imovinom Sve\u0161tenoj Mitropoliji crnogorskoj, kao i ostalim trima eparhijama Pravoslavne Crkve Srpske.<\/p>\n<p>Va\u0161a Ekselencijo, ovim pismom Vam jasno i potpuno otvoreno saop\u0161tavamo da Vaseljenska Patrijar\u0161ija, zajedno sa svim drugim Pravoslavnim Crkvama, kao jedinu kanonsku pravoslavnu jurisdikciju u Crnoj Gori priznaje onu pod nadle\u017eno\u0161\u0107u Visokopreosve\u0107enog Mitropolita crnogorskog Amfilohija, jerarha Najsvetije Crkve Srpske. Crkva Crnogorska nikad nije bila autokefalna, a sada\u0161nja takozvana Pravoslavna Crkva Crnogorska pod Mira\u0161em Dedei\u0107em ne pripada Pravoslavnoj Crkvi. Gospodin Dedei\u0107 nije Episkop Pravoslavne Crkve, nego osoba ra\u0161\u010dinjena od Vaseljenske Patrijar\u0161ije. Jedini tamo\u0161nji kanonski Jerarh je na\u0161 brat Mitropolit Amfilohije, svepravoslavno priznate Patrijar\u0161ije Srpske.<\/p>\n<p>\u0160aljemo Vam ovo pismo jer ne \u017eelimo da na\u0161 ljubljeni narod Crne Gore do\u0111e u stanje crkvene izolacije i odsje\u010denosti od tijela sveukupne zajednice Pravoslavnih Crkava, s obzirom da nijedna od njih ne\u0107e priznati ni podr\u017eati Dedei\u0107evu antikanonsku tvorevinu.<\/p>\n<p>Ponavljamo ono \u0161to smo Vam napisali 2000. godine: \u201dUvjereni smo da \u0107e Va\u0161a draga Ekselencija razumjeti opasnost po duhovno jedinstvo naroda Crne Gore, koja je prouzrokovana pokretom pomenutog g. Mira\u0161a Dedei\u0107a, te da \u0107ete se Vi distancirati od njega, radi dobra i jedinstva Va\u0161ega naroda.\u201d<\/p>\n<p>Va\u0161a Ekselencijo, molimo Vas da gore napisano ne shvatite kao mije\u0161anje u unutra\u0161nje stvari Va\u0161e dr\u017eave, nego kao \u017eelju na\u0161e Majke Crkve Konstantinopoljske da pomogne Va\u0161em pobo\u017enom narodu u kriti\u010dnim istorijskim trenucima.<\/p>\n<p>Stoga, ostajemo s po\u0161tovanjem, ljubavlju i najsrda\u010dnijim \u017eeljama.<\/p>\n<p>U Konstantinopoljskoj Patrijar\u0161iji, 21. juna 2019.<\/p>\n<p>Va\u0161e po\u0161tovane Ekselencije<\/p>\n<p>usrdni molitvenik pred Bogom<\/p>\n<p>+ VARTOLOMEJ<\/p>\n<p>Arhiepiskop Konstantinopolja-Novog Rima<\/p>\n<p>i Vaseljenski Patrijarh<\/p><\/blockquote>\n","protected":false},"excerpt":{"rendered":"<p>Vaseljenski partijarh Vartolomej poru\u010dio je u pismu crnogorskom predsjedniku Milu \u0110ukanovi\u0107u da Vaseljenska patrijar\u0161ija, zajedno sa svim drugim pravoslavnim crkvama, kao jedinu kanonsku pravoslavnu jurisdikciju u Crnoj Gori priznaje onu mitropolita crnogorskog Amfilohija. Pismo Patrijarha Vaseljenskog Vartolomeja pedsjedniku Crne Gore Milu \u0110ukanovi\u0107u prenosimo integralno. Sa rado\u0161\u0107u se obra\u0107amo Va\u0161oj uva\u017eenoj Ekselenciji, \u017eele\u0107i Vama i Va\u0161em [&hellip;]<\/p>\n","protected":false},"author":1,"featured_media":0,"comment_status":"open","ping_status":"closed","sticky":false,"template":"","format":"standard","meta":{"_seopress_robots_primary_cat":"","_seopress_titles_title":"","_seopress_titles_desc":"","_seopress_robots_index":"","_et_pb_use_builder":"","_et_pb_old_content":"","_et_gb_content_width":"","inline_featured_image":false,"footnotes":""},"categories":[14,12],"tags":[],"class_list":["post-268899","post","type-post","status-publish","format-standard","hentry","category-vijesti","category-prica-dana"],"_links":{"self":[{"href":"https:\/\/www.pcnen.com\/portal\/wp-json\/wp\/v2\/posts\/268899","targetHints":{"allow":["GET"]}}],"collection":[{"href":"https:\/\/www.pcnen.com\/portal\/wp-json\/wp\/v2\/posts"}],"about":[{"href":"https:\/\/www.pcnen.com\/portal\/wp-json\/wp\/v2\/types\/post"}],"author":[{"embeddable":true,"href":"https:\/\/www.pcnen.com\/portal\/wp-json\/wp\/v2\/users\/1"}],"replies":[{"embeddable":true,"href":"https:\/\/www.pcnen.com\/portal\/wp-json\/wp\/v2\/comments?post=268899"}],"version-history":[{"count":0,"href":"https:\/\/www.pcnen.com\/portal\/wp-json\/wp\/v2\/posts\/268899\/revisions"}],"wp:attachment":[{"href":"https:\/\/www.pcnen.com\/portal\/wp-json\/wp\/v2\/media?parent=268899"}],"wp:term":[{"taxonomy":"category","embeddable":true,"href":"https:\/\/www.pcnen.com\/portal\/wp-json\/wp\/v2\/categories?post=268899"},{"taxonomy":"post_tag","embeddable":true,"href":"https:\/\/www.pcnen.com\/portal\/wp-json\/wp\/v2\/tags?post=268899"}],"curies":[{"name":"wp","href":"https:\/\/api.w.org\/{rel}","templated":true}]}}