{"id":268889,"date":"2019-06-27T10:22:07","date_gmt":"2019-06-27T08:22:07","guid":{"rendered":"http:\/\/www.pcnen.com\/portal\/?p=268889"},"modified":"2019-06-27T11:15:09","modified_gmt":"2019-06-27T09:15:09","slug":"krivicna-prijava-protiv-kucana-za-ratni-zlocin","status":"publish","type":"post","link":"https:\/\/www.pcnen.com\/portal\/2019\/06\/27\/krivicna-prijava-protiv-kucana-za-ratni-zlocin\/","title":{"rendered":"Krivi\u010dna prijava protiv Ku\u010dana za ratni zlo\u010din"},"content":{"rendered":"<p><img loading=\"lazy\" decoding=\"async\" src=\"http:\/\/www.pcnen.com\/portal\/wp-content\/uploads\/2017\/11\/milan_kucan-300x200.jpg\" alt=\"\" width=\"300\" height=\"200\" class=\"alignright size-medium wp-image-235798\" \/>Tu\u017eila\u0161tvu za ratne zlo\u010dine Srbije podnijeta je krivi\u010dna prijava protiv biv\u0161eg predsjednika Slovenije Milana Ku\u010dana, koji se tereti za ratni zlo\u010din protiv ratnih zarobljenika i za genocid u ljeto 1991, pi\u0161e Politika, prenosi Tanjug. <\/p>\n<p>Pozivaju\u0107i se na svoja saznanja, list pi\u0161e da su krivi\u010dnom prijavom obuhva\u0107eni i Janez Slapar, koji je u to vrijeme bio na\u010delnik, republi\u010dkog \u0161taba Teritorijalne odbrane Slovenije, zatim Franc Anderli\u010d, tada komandant TO Ju\u017enoprimorske pokrajine Slovenije, kao i jo\u0161 trojica neposrednih izvr\u0161ilaca zlo\u010dina.<\/p>\n<p>Prema pisanju lista, na teret im se stavlja da su kr\u0161ili pravila me\u0111unarodnog prava iz \u017denevske konvencije za vrijeme oru\u017eanog sukoba, koji je trajao od 27. juna do 7. jula 1991. na teritoriji Slovenije, izme\u0111u Jugoslovenske narodne armije i Saveznog sekretarijata za unutra\u0161nje poslove SFRJ na jednoj strani, oru\u017eanih sastava TO Slovenije i drugih paravojnih formacija rukovodstva Slovenije (Narodne za\u0161tite) na drugoj strani.<\/p>\n<p>Krivi\u010dnu prijavu je podnio advokat Du\u0161an Brati\u0107, koji istra\u017euje zlo\u010dine nad pripadnicima JNA i civilima tokom ratnih sukoba na prostoru biv\u0161e SFRJ devedesetih godina pro\u0161log vijeka.<\/p>\n<p>U prijavi se navodi da je grupa pripadnika TO Slovenije, 29. juna 1991., u mjestu Skofje, u neposrednoj blizini istoimenog grani\u010dnog prelaza izme\u0111u tada\u0161nje SFRJ i Italije, u vrijeme primene Sporazuma o prekidu vatre izme\u0111u strana u oru\u017eanom sukobu, otvorila vatru iz automatskih pu\u0161aka na kolonu od pet terenskih vozila JNA.<\/p>\n<p>Brati\u0107 isti\u010de da je Ku\u010dan tada bio predsjednik Slovenije i imao efektivnu komandnu vlast nad svim oru\u017eanim formacijama, pa ulazi u red glavnih ratnih zlo\u010dinaca u razbijanju Jugoslavije.<\/p>\n<p>&#8220;Ku\u010dan ne samo da nije preduzeo ni\u0161ta da se kazne izvr\u0161ioci, ve\u0107 je podsticao na izvr\u0161enje ratnih zlo\u010dina, pa su do 8. jula 1991. izvr\u0161eni brojni ratni zlo\u010dini prema civilnom stanovni\u0161tvu, me\u0111u kojima su i \u017eene i djeca pripadnika JNA, ranjenici, sanitetsko osoblje, zarobljenici, vojnici koji su polo\u017eili oru\u017eje&#8221;, ka\u017ee, izme\u0111u ostalog, Brati\u0107.<\/p>\n","protected":false},"excerpt":{"rendered":"<p>Tu\u017eila\u0161tvu za ratne zlo\u010dine Srbije podnijeta je krivi\u010dna prijava protiv biv\u0161eg predsjednika Slovenije Milana Ku\u010dana, koji se tereti za ratni zlo\u010din protiv ratnih zarobljenika i za genocid u ljeto 1991, pi\u0161e Politika, prenosi Tanjug. Pozivaju\u0107i se na svoja saznanja, list pi\u0161e da su krivi\u010dnom prijavom obuhva\u0107eni i Janez Slapar, koji je u to vrijeme bio [&hellip;]<\/p>\n","protected":false},"author":1,"featured_media":235798,"comment_status":"open","ping_status":"closed","sticky":false,"template":"","format":"standard","meta":{"_seopress_robots_primary_cat":"","_seopress_titles_title":"","_seopress_titles_desc":"","_seopress_robots_index":"","_et_pb_use_builder":"","_et_pb_old_content":"","_et_gb_content_width":"","inline_featured_image":false,"footnotes":""},"categories":[14,12],"tags":[],"class_list":["post-268889","post","type-post","status-publish","format-standard","has-post-thumbnail","hentry","category-vijesti","category-prica-dana"],"_links":{"self":[{"href":"https:\/\/www.pcnen.com\/portal\/wp-json\/wp\/v2\/posts\/268889","targetHints":{"allow":["GET"]}}],"collection":[{"href":"https:\/\/www.pcnen.com\/portal\/wp-json\/wp\/v2\/posts"}],"about":[{"href":"https:\/\/www.pcnen.com\/portal\/wp-json\/wp\/v2\/types\/post"}],"author":[{"embeddable":true,"href":"https:\/\/www.pcnen.com\/portal\/wp-json\/wp\/v2\/users\/1"}],"replies":[{"embeddable":true,"href":"https:\/\/www.pcnen.com\/portal\/wp-json\/wp\/v2\/comments?post=268889"}],"version-history":[{"count":0,"href":"https:\/\/www.pcnen.com\/portal\/wp-json\/wp\/v2\/posts\/268889\/revisions"}],"wp:featuredmedia":[{"embeddable":true,"href":"https:\/\/www.pcnen.com\/portal\/wp-json\/wp\/v2\/media\/235798"}],"wp:attachment":[{"href":"https:\/\/www.pcnen.com\/portal\/wp-json\/wp\/v2\/media?parent=268889"}],"wp:term":[{"taxonomy":"category","embeddable":true,"href":"https:\/\/www.pcnen.com\/portal\/wp-json\/wp\/v2\/categories?post=268889"},{"taxonomy":"post_tag","embeddable":true,"href":"https:\/\/www.pcnen.com\/portal\/wp-json\/wp\/v2\/tags?post=268889"}],"curies":[{"name":"wp","href":"https:\/\/api.w.org\/{rel}","templated":true}]}}