{"id":268855,"date":"2019-06-26T21:45:26","date_gmt":"2019-06-26T19:45:26","guid":{"rendered":"http:\/\/www.pcnen.com\/portal\/?p=268855"},"modified":"2019-06-26T21:45:26","modified_gmt":"2019-06-26T19:45:26","slug":"veoma-toplo-16","status":"publish","type":"post","link":"https:\/\/www.pcnen.com\/portal\/2019\/06\/26\/veoma-toplo-16\/","title":{"rendered":"Veoma toplo"},"content":{"rendered":"<p><img loading=\"lazy\" decoding=\"async\" class=\"size-full wp-image-88031 alignleft\" src=\"http:\/\/www.pcnen.com\/portal\/wp-content\/uploads\/2012\/07\/tropske-vrucine.jpg\" alt=\"\" width=\"299\" height=\"169\" \/>Prete\u017eno sun\u010dano i veoma toplo bi\u0107e u \u010detvrtak.<\/p>\n<p>Na sjeveru Crne Gore bi\u0107e magle ujutru po kotlinama magla. Kasno tokom no\u0107i ponegdje \u0107e, uz promjenljivu obla\u010dnost, biti uslova za ki\u0161u ili kratkotrajan pljusak.<\/p>\n<p>Vjetar \u0107e uglavnom duvati sa sjevera i bi\u0107e povremeno umjeren, a u jutarnjim i no\u0107nim satima ponegdje poja\u010dan.<\/p>\n<p>Jutarnja temperatura vazduha bi\u0107e u rasponu od 14 do 25, a najvi\u0161a dnevna od 26 do 38 stepeni.<\/p>\n<p>U Podgorici \u0107e biti prete\u017eno sun\u010dano i veoma toplo. Sjeverni i sjeveroisto\u010dni vjetar bi\u0107e povremeno umjeren. Jutarnja temperatura vazduha bi\u0107e oko 25, a najvi\u0161a dnevna do 38 stepeni.<\/p>\n<p><a href=\"http:\/\/www.meteo.co.me\/misc.php?text=121&amp;sektor=1&amp;grad=MOJ\">Prognoza za ostale gradove.<\/a><\/p>\n","protected":false},"excerpt":{"rendered":"<p>Na sjeveru Crne Gore kasno tokom no\u0107i ponegdje \u0107e biti uslova za ki\u0161u ili kratkotrajan pljusak<\/p>\n","protected":false},"author":1,"featured_media":0,"comment_status":"open","ping_status":"closed","sticky":false,"template":"","format":"standard","meta":{"_seopress_robots_primary_cat":"","_seopress_titles_title":"","_seopress_titles_desc":"","_seopress_robots_index":"","_et_pb_use_builder":"","_et_pb_old_content":"","_et_gb_content_width":"","inline_featured_image":false,"footnotes":""},"categories":[14,12],"tags":[],"class_list":["post-268855","post","type-post","status-publish","format-standard","hentry","category-vijesti","category-prica-dana"],"_links":{"self":[{"href":"https:\/\/www.pcnen.com\/portal\/wp-json\/wp\/v2\/posts\/268855","targetHints":{"allow":["GET"]}}],"collection":[{"href":"https:\/\/www.pcnen.com\/portal\/wp-json\/wp\/v2\/posts"}],"about":[{"href":"https:\/\/www.pcnen.com\/portal\/wp-json\/wp\/v2\/types\/post"}],"author":[{"embeddable":true,"href":"https:\/\/www.pcnen.com\/portal\/wp-json\/wp\/v2\/users\/1"}],"replies":[{"embeddable":true,"href":"https:\/\/www.pcnen.com\/portal\/wp-json\/wp\/v2\/comments?post=268855"}],"version-history":[{"count":0,"href":"https:\/\/www.pcnen.com\/portal\/wp-json\/wp\/v2\/posts\/268855\/revisions"}],"wp:attachment":[{"href":"https:\/\/www.pcnen.com\/portal\/wp-json\/wp\/v2\/media?parent=268855"}],"wp:term":[{"taxonomy":"category","embeddable":true,"href":"https:\/\/www.pcnen.com\/portal\/wp-json\/wp\/v2\/categories?post=268855"},{"taxonomy":"post_tag","embeddable":true,"href":"https:\/\/www.pcnen.com\/portal\/wp-json\/wp\/v2\/tags?post=268855"}],"curies":[{"name":"wp","href":"https:\/\/api.w.org\/{rel}","templated":true}]}}