{"id":268801,"date":"2019-06-26T07:00:57","date_gmt":"2019-06-26T05:00:57","guid":{"rendered":"http:\/\/www.pcnen.com\/portal\/?p=268801"},"modified":"2019-06-25T19:12:58","modified_gmt":"2019-06-25T17:12:58","slug":"eu-povratak-moci-nacionalnih-drzava","status":"publish","type":"post","link":"https:\/\/www.pcnen.com\/portal\/2019\/06\/26\/eu-povratak-moci-nacionalnih-drzava\/","title":{"rendered":"EU \u2013 Povratak mo\u0107i nacionalnih dr\u017eava"},"content":{"rendered":"<p><strong><img loading=\"lazy\" decoding=\"async\" class=\"size-medium wp-image-218921 alignleft\" src=\"http:\/\/www.pcnen.com\/portal\/wp-content\/uploads\/2016\/12\/eu-kriza-300x203.jpg\" alt=\"\" width=\"300\" height=\"203\" \/>Autor:\u00a0 Mario Stefanov<\/strong><\/p>\n<p>Izborno posrnu\u0107e dominatnih struktura lijevog i desnog centra europske politike, koje \u0107e se nakon izbora za Europski parlament vrlo vjerojatno\u00a0 nastaviti i na nacionalnim izborima u dr\u017eavama \u010dlanicama, jasno ukazuje da se na politi\u010dkoj sceni Europske unije uistinu odvija epski sukob snaga nacionalnih suverenosti dr\u017eava \u010dlanica i sila koje pod svaku cijenu poku\u0161avaju uniju pretvoriti u nadnacionalnu federalnu tvorevinu. Dakako,u korist geoekonomskih i geopoliti\u010dkih probitaka najmo\u0107nijih dr\u017eava \u010dlanica predvo\u0111enih Njema\u010dkom i Francuskom.<\/p>\n<p>Najistaknutiji promotor centralizirane Europske unije\u00a0 s jezgrom mo\u0107nih dr\u017eava\u00a0 u sredi\u0161tu i ostalima u krugovima ni\u017eih razvojnih brzina, francuski predsjednik Emmanuel Macrona sa svojom\u00a0 Republikom\u00a0 u pokretu\u00a0 do\u017eivio je\u00a0 bolni poraz od zagovornice nacionlnih suverenosti dr\u017eava \u010dlanica, Marine Le Pen i njenog Nacionalnog okupljanja (National Rally \u2013 nekada\u0161nji \u201eNational Front\u201c). Biv\u0161i savjetnik ameri\u010dkog predsjednika Trumpa Steve Bannon dr\u017ei da je ta pobjeda uni\u0161tila\u00a0 projekt europske centralizacije. On, odmah nakon objave slu\u017ebenih rezultata izbora izjavljuje: \u201cU nedjelju je umro pokret za integraciju. Francuski predsjednik je u rujnu 2017. na Sorboni odr\u017eao vrlo sna\u017ean govor o budu\u0107im Sjedinjenim Europskim Dr\u017eavama, a ju\u010der je odbijen\u201d. Marine Le Pen pak ,13. lipnja\u00a0 objavljuje osnivanje novog bloka u Europskom parlamentu \u2013 Identitet i demokracija (ID) u kojem su\u00a0 \u201eNacionalno okupljanje\u201c Marine Le Pen, \u201eLiga\u201c zamjenika talijanskog premijera Mattea Salvinija i \u201eAlternativa za Njema\u010dku\u201c (AfD). Njegov cilj je \u201emo\u0107 iz Bruxellesa vratiti u nacionalne prijestolnice\u201c.<\/p>\n<p>\u201cIzmijenili smo politi\u010dku kartu Europe\u201d, rekla je Le Pen govore\u0107i o ID-u koji ima 73 od 751 zastupnika i peta je po snazi skupina u Europskom parlamentu, odmah iza Zelenih. \u201cNe ve\u0107im ovlastima EU-a, ne daljnjoj harmonizaciji, ne podrivanju nacionalne dr\u017eave\u201d, rekao je Joergen Meuthen, suosniva\u010d AfD-a.<\/p>\n<p>Jo\u0161 2015. godine Marine Le Pen je upozoravala\u00a0 kako je \u201eglobalizacija barbarstvo. Vladanje cijelim svijetom od strane\u00a0 mo\u0107nih multinacionalnih korporacija i krupnog financijskog kapitala vodi narode i njihove\u00a0 nacionalne dr\u017eave u propast, pa dr\u017eave moraju svojom regulativom postaviti limite\u201c. Za Marine Le Pen\u00a0 mjere rezanja\u00a0 javnih rashoda u cilju konsolidacije dr\u017eavnih financija po mjerama\u00a0 koje je odredio Berlin i Bruxelles, a koje\u00a0 idu na \u0161tetu najsiroma\u0161nijih slojeva stanovni\u0161tva, dovode\u00a0 do socijalne razgradnje dru\u0161tva i nacije, uz istovremeno uni\u0161tavanje i samog pojma nacionalne dr\u017eave. Taj povratak u ustroj dru\u0161tva prije formiranja nacionalnih dr\u017eava je povratak u barbarstvo, \u0161to je po mnogima,\u00a0 uostalom, i cilj globalizacije \u2013 uskratiti pojedincima i narodima za\u0161titu vlastite dr\u017eave.<\/p>\n<p>Prema njoj, Europska unija\u00a0 gu\u0161i suverenitet svojih naroda: \u201cSuverenitet je temelj demokracije. Bez suvereniteta nema demokracije, jer imati slobodu staviti glas u glasa\u010dku kutiju je jedna stvar, no ako ljudi koje izaberete tim procesom nemaju nikakve ovlasti jer stvarnu mo\u0107 dr\u017ee supranacionalna tijela, tada vi\u0161e nismo u demokratskom procesu.<\/p>\n<p>Mislim da je nekada\u0161nji francuski premijer Mendes France bio u pravu kada je 1957. godine rekao kako postoje dva puta prema totalitarizmu \u2013 ili se sve ovlasti ujedinjuju u jednu ili sve ovlasti prebacimo na supranacionalno tijelo. Upravo to su i u\u010dinili izgradiv\u0161i Europsku uniju \u2013 prebacili su suverenitet na supranacionalno tijelo koji nije birano, koje nema nikakav legitimitet, te koje name\u0107e svoju volju narodu. To se ti\u010de i na\u0161eg teritorijalnog suvereniteta \u2013 mi vi\u0161e nemamo kontrolu nad svojom imigracijskom politikom jer su sve granice otvorene uvo\u0111enjem Schengena. Isto vrijedi i za na\u0161 monetarni suverenitet\u00a0 jer vi\u0161e nemamo kontrolu nad svojom valutom. Na\u0161 suverenitet nad prora\u010dunom tako\u0111er je preba\u010den na razinu Europske Unije, kao i pravni suverenitet po\u0161to su 80% zakona o kojima se glasa u francuskoj Nacionalnoj Skup\u0161tini zapravo prepisane EU direktive. Ja smatram da je Francuska slobodna zemlja i da bi takva trebala ostati. Stoga, po\u0161to su nam ukrali na\u0161e slobode, trebamo se boriti da ih vratimo natrag iz ruku onih koji su nam ih ukrali bez na\u0161eg znanja i bez na\u0161e suglasnosti\u201c. Pritom je za nju svejedno tko je na \u010delu institucija EU: \u201cApsolutno me nije briga tko je predsjednik Europske komisije \u2026.jer je on zapravo nadzornik u zatvoru. On je tamo zadu\u017een za povo\u0111enje pravila. Stoga, tkogod je nadzornik, on \u0107e nametati pravila unutar zatvora.To je posao \u0161efa Komisije. Ra\u010duna se samo to tko \u0107e najbolje nametnuti ultra-liberalnu politiku i transfer suvereniteta\u201c.<\/p>\n<p>Izborima za Europski parlament\u00a0 jasno je iskazan narasli\u00a0 otpor europskih naroda centralizaciji Europske unije, masivnom i ubrzanom preno\u0161enju suvereniteta nacionalnih dr\u017eava na nadnacionalna tijela EU, uru\u0161avanju samog pojma nacionalnih dr\u017eava i nametanju ekstremnog socijalnog i ekonomskog liberalizma pod maskom tobo\u017ee\u00a0 neizbje\u017enih globalizacijskih procesa. Usporedno raste spoznaja i protivljenje europskih gra\u0111ana agendi geoekomskog i geopoliti\u010dkog povezivanja Europe, Sjeverne Afrike i Bliskog istoka. Zapo\u010deti proces\u00a0 politi\u010dkog , vojnog i gospodarskog povezivanja Europske\u00a0 unije sa Sjevernom Afrikom i Bliskim istokom u jednu cjelinu\u00a0 na kojem se\u00a0 potrebne prilagodbe sada provode ognjem i ma\u010dem jednostavno je za postao vidljiv i malo tko se vi\u0161e mo\u017ee praviti da ga ne primje\u0107uje.<\/p>\n<p>Takva jedinstvena regija, o kojoj govori\u00a0 Visoka predstavnica Europske unije za vanjske poslove i sigurnosnu politiku\u00a0 Federica Mogherini u svome govoru \u201eEuropa i arapski svijet: zajedni\u010dka povijest, zajedni\u010dka budu\u0107nost\u201c na sveu\u010dili\u0161tu u Kairu krajem 2015. godine\u00a0 bila bi, tako, vojnim i gospodarskim ugovorima \u010dvrsto vezana s Europskom unijom u jedinstvenu geoekomsku i geopolitiku cjelinu.<\/p>\n<p>No europski gra\u0111ani o\u010dito to ne \u017eele, a otpor raste po mjeri rasta njihovih spoznaja o planovima i djelovanju vode\u0107e EU politike. Oni ne\u00a0 \u017eele uni\u0161tenje svojih nacionalnih dr\u017eava, rasprodaju svojih prirodnih bogarstva, saniranje privatnih banaka i tvrtki novcem dobivenim kroz mjere \u0161tednje, preseljavanje stanovni\u0161tva s Bliskog istoka pred njihove pragove i nevjerojatne forme radnih odnosa koje se nazivaju liberalizacijom tr\u017ei\u0161ta rada i koje ukidaju kreditnu sposobnost milijuna dr\u017eavljana, koji tako od svoga rada nikada ne\u0107e mo\u0107i pribaviti dom i nikada ne\u0107e biti pravi potro\u0161a\u0107i na svojim nacionalnim tr\u017ei\u0161tima.<\/p>\n<p>Europskoj javnosti je postalo jasno kako vladaju\u0107a\u00a0 europska finacijska, gospodarska i politi\u010dka elita\u00a0 nikada ne\u0107e svojom voljom promijeniti smijer i odre\u0107i se za nju lukativnog sustava, kao \u0161to, ustalom, nikada nitko nije mirno iza\u0161ao iz mraka organiziranog kriminala. Gra\u0111ani su shvatili, u tom carstvu neoliberalnih financijskih \u010darobnjaka i pridru\u017eenih izgubljenih\u00a0 ljevi\u010dara koji su ostali bez svojih pacijenata jer ih je radni\u0161tvo nogiralo na odlagali\u0161te povijesnog otpada pa su se prihvatili zastupanja\u00a0 rodnih i drugih manjina i imigranata \u2013 jednostavno nije predvi\u0111eno da oni pristojno \u017eive.<\/p>\n<p>Europska vladaju\u0107a\u00a0 politika dobila je tako novi signal da narodi Europe ne\u0107e tek tako odustati od svojih suverenih politika, svog na\u010dina \u017eivota, svojih kulturolo\u0161kih i vjerskih posebnosti\u00a0 i ,kona\u010dno, svojih nacionalnih dr\u017eava da bi se pokorili nesputanom politi\u010dkom i gospodarskom liberalizmu koji razara sve pred sobom, od pojedinaca ,koje pretvara u beznade\u017ene asocijalne paupere, preko obitelji, koje \u010dini socijalno i financijski disfunkcionalnim, \u00a0do nacionalnih dr\u017eava, koje transformira u \u010dinovni\u010dke strukture odvojene od potreba vlastititih naroda s bijednom svrhom transfera politike\u00a0 od bruxelleskih centara finacijske i politi\u010dke mo\u0107i prema europskim narodima.<\/p>\n<p>Na vrhu te liberalne piramide Europske unije, struktirane prema na\u010delima socijalnog darvinizma, politi\u010dka je i gospodarska oligarhija\u00a0 najmo\u0107nijih europskih dr\u017eava predvo\u0111enih Junckerovim, Sch\u00e4ubleovim i Merkeli\u010dinim ra\u010dunovo\u0111ama i ekonomskim iluzionistima, preko magi\u010dne formule globalizacije povezana s angloameri\u010dkim, arapskim i transnacionalnim kapitalom \u010dijim interesima, uostalom, i slu\u017ei. Na dnu tog hranidbenog lanca stjerane\u00a0 su slabije i novoprimljene dr\u017eave \u010dlanice. Funkcije njihovih nacionalnih dr\u017eava prenose se na nadnacionalna tijela Europske unije koja sve vi\u0161e podsje\u0107a na nekakvo moderno Rimsko carstvo, a dr\u017eave \u010dlanice na njegove provincije, gdje se odanost lokalne vladaju\u0107e strukture\u00a0 kupuje novcem i povlasticama rimskog na\u010dina \u017eivota. Vladaju\u0107e\u00a0 politi\u010dke strukture dr\u017eava \u010dlanica EU tako postaju odvojene od svojih naroda, kao i za rimskog carstva, i skladno uklopljene u liberalnu i globalisti\u010dku paradigmu Europske unije, a njihovi narodi i dr\u017eave prepu\u0161teni liberalnom politi\u010dkom i gospodarskom maltretiranju iz centra imperije.<\/p>\n<p>Jo\u0161 2016. godine, nakon prvih izbornih uspjeha politi\u010dkih snaga nacionalnih suverenosti,\u00a0 politi\u010dka analiti\u010darka\u00a0 Barbara Wesel\u00a0 u \u010dlanku za poluslu\u017ebeni\u00a0 \u201eDeutsche welle\u201c pod naslovom \u201eUzbuna za Europu\u201c\u00a0 zaokupljena difamiranjem desnice i pozivom na borbu potiv nje ipak nije mogla izbje\u0107i u jednom\u00a0 odlomku svoga teksta dotaknuti pravi problem Europe: \u201cI na kraju: stare narodne stranke se opet moraju sjetiti gubitnika globalizacije. Jer u njihovom nezadovoljstvu se krije politi\u010dki eksploziv.\u201c<\/p>\n<p>Ti \u201egubitnici globalizacije\u201c, kako ih ona naziva, ve\u0107ina je europskih gra\u0111ana koja se sla\u017ee s Marine Le Pen\u00a0 da je \u201cglobalizacija barbarstvo i retrogradni proces povratka\u00a0 u dru\u0161tveni ustroj prije nacionalnih dr\u017eava\u201c i koji \u0107e na svim slijede\u0107im izborima u europskim dr\u017eavama potiskivati sada vladaju\u0107u politiku u korist stranaka koje toliko uznemiruju postoje\u0107i\u00a0 poredak. Oni ne \u017eele globalizacijske u\u010dinke koje neposredno osje\u0107aju na svojoj ko\u017ei, mase imigranata pod svojim prozorima i svoje pretvaranje u beznadni prekarijat.<\/p>\n<p>\u0160okantno je da ugledni \u201eDeutsche welle\u201c neukusno i poni\u017eavaju\u0107e,\u00a0 obi\u010dne i normalne gra\u0111ane europskih dr\u017eava naziva\u00a0 \u201egubitnicima globalizacije\u201c i njihovo nezadovoljstvo progla\u0161ava\u201c politi\u010dkim eksplozivom\u201c. To samo odra\u017eava oholost i be\u0161\u0107utnost vladaju\u0107e europske\u00a0 politike.<\/p>\n<p>No o\u010digledno, po\u010delo je politi\u010dko bu\u0111enje tih \u201egubitnika\u201c , koji nikada ne\u0107e prihvatiti taj status,\u00a0 i politi\u010dka pobuna europskih naroda protiv europske vladaju\u0107e liberalne imperije\u00a0 i njezinih lokalnih namjesnika. Na djelu je\u00a0 pobuna europskih naroda dr\u017eava \u010dlanica EU,\u00a0 koja \u0107e obilje\u017eiti sve budu\u0107e izbore unutar EU i koja je ve\u0107 sada usporila planiranu daljnju centralizaciju strukture unije i preno\u0161enje nacionalnih suverenita na tu nadnacionalnu strukturu.<\/p>\n<p>Politi\u010dka ideja pretvaranja Europske unije u nadnacionalnu, globaliziranu dr\u017eavnu tvorevinu s dr\u017eavama\u00a0 \u010dlanicama ograni\u010denog suvereniteta na putu je sloma s kojega vi\u0161e nema povratka.<\/p>\n<p>Nakon brutalnog\u00a0 financijskog obra\u010duna europske politi\u010dke elite sa zadu\u017eenim i inferiornim \u010dlanicama unutar eurozone\u00a0 utjerivanjem dugova i poni\u017eavanjem dr\u017eava \u010dlanica ne samo EU, nego i geopoliti\u010dki mnogo zna\u010dajnije \u2013 NATO-a, lako predvidivog i stoga mogu\u0107e svjesno i namjerno dopu\u0161tenog sloma re\u017eima za\u0161tite vanjskih granica EU i potom\u00a0 maltretiranje dr\u017eava \u010dlanica provozom imigrantske mase kroz njihov teritorij, te zahtjevima za zadr\u017eavanjem migranata u cilju regulacije dinamike njihova kretanja \u2013 europskim gra\u0111anima otkrilo se pravo lice politi\u010dke tvorevine\u00a0 u koju se pretvorila Europska unija.<\/p>\n<p>Utemeljeno se mo\u017ee zaklju\u010diti kako\u00a0 je europska politi\u010dka elita mogla znati kakve \u0107e sve pomake na europskoj politi\u010dkoj sceni izazvati njene politi\u010dke agende i postupci,od organiziranog\u00a0 masovnog uvo\u0111enja\u00a0 stanovni\u0161tva s Bliskog istoka i Sjeverne Afrike na europske prostore, otvaranja procesa integracije Europe i MENA-e (Sjeverna Afrika i Bliski Istok), do nametanja nesputanog ekonomskog i socijalnog liberalizma.<\/p>\n<p>Sasvim je izvjesno da je, podr\u017eana od strane dr\u017eavnih struktura najmo\u0107nijih dr\u017eava \u010dlanica EU s obavje\u0161tajnim slu\u017ebama koje se ubrajaju u uski krug najsposobnijih na svijetu, zacijelo predvidjela\u00a0 ovakav razvoj\u00a0 politi\u010dkih zbivanja. Pitanje je samo da li je svjesno prihvatila rizik kako bi udovoljila europskim i arapskim sredi\u0161tima finacijske mo\u0107i i interesima vode\u0107ih europski gospodarstava, dr\u017ee\u0107i da \u0107e ga mo\u0107i kontrolirati, ili je sve dio jo\u0161 uvijek za obi\u010dne smrtnike te\u0161ko doku\u010divog\u00a0 plana ovladavanja svim aspektima finacijskog, gospodarskog i socijalnog \u017eivota Europe.<\/p>\n<p>U svakom slu\u010daju sada\u0161nja\u00a0 nadnacionalna konstrukcija EU, koju vi\u0161e malo tko \u017eeli dalje se mo\u017ee odr\u017eati\u00a0 kao i svaka neprirodna dr\u017eavnopravna tvorevina samo silom, politi\u010dko-propagandnom, sigurnosno-represivnom ili finacijskom, a prema potrebi\u00a0 i vojnom, ako je to u interesu elite i vladara bruxellleskih labirinata mo\u0107i, industrijskog\u00a0 i bankarskog kompleksa, ameri\u010dkih i nezaobilaznih arapskih saveznika i globalizacijskih nadzornika. I tu le\u017ei prava opasnost jer svaka zajednica odr\u017eavana silom, bilo psiholo\u0161kom, finacijskom ili fizi\u010dkom unaprijed je osu\u0111ena na svoj eksplozivan i krvavi kraj. Izazove li mogu\u0107i raspad EU seriju probu\u0111enih teritorijalnih\u00a0 reivindikacija, kao isparavki nepravdi pro\u0161lih svjetskih ratova na europskom tlu, i posljedi\u010dne me\u0111udr\u017eavne sukobe, bit \u0107e to na isklju\u010divo zadovoljstvo ameri\u010dke i britanske politike koje bi ponovo dobile priliku uspostavljati europski mirovni poredak prema svojim mjerilima i interesima.<\/p>\n<p>Upravo takav slijed doga\u0111aja oni i pri\u017eeljkuju, a mo\u017ee se sprije\u010diti samo redefiniranjem Europske unije i ponovnom uspostavom suvereniteta ravnopravnih nacionalnih dr\u017eava \u010dlanica.<\/p>\n<p><a href=\"https:\/\/www.geopolitika.news\/analize\/mario-stefanov-eu-povratak-moci-nacionalnih-drzava\/\">Geopolitika.news<\/a><\/p>\n","protected":false},"excerpt":{"rendered":"<p>Sada\u0161nja  nadnacionalna konstrukcija EU, koju vi\u0161e malo tko \u017eeli dalje se mo\u017ee odr\u017eati  kao i svaka neprirodna dr\u017eavnopravna tvorevina samo silom<\/p>\n","protected":false},"author":1,"featured_media":0,"comment_status":"open","ping_status":"closed","sticky":false,"template":"","format":"standard","meta":{"_seopress_robots_primary_cat":"","_seopress_titles_title":"","_seopress_titles_desc":"","_seopress_robots_index":"","_et_pb_use_builder":"","_et_pb_old_content":"","_et_gb_content_width":"","inline_featured_image":false,"footnotes":""},"categories":[5],"tags":[],"class_list":["post-268801","post","type-post","status-publish","format-standard","hentry","category-drugi-pisu"],"_links":{"self":[{"href":"https:\/\/www.pcnen.com\/portal\/wp-json\/wp\/v2\/posts\/268801","targetHints":{"allow":["GET"]}}],"collection":[{"href":"https:\/\/www.pcnen.com\/portal\/wp-json\/wp\/v2\/posts"}],"about":[{"href":"https:\/\/www.pcnen.com\/portal\/wp-json\/wp\/v2\/types\/post"}],"author":[{"embeddable":true,"href":"https:\/\/www.pcnen.com\/portal\/wp-json\/wp\/v2\/users\/1"}],"replies":[{"embeddable":true,"href":"https:\/\/www.pcnen.com\/portal\/wp-json\/wp\/v2\/comments?post=268801"}],"version-history":[{"count":0,"href":"https:\/\/www.pcnen.com\/portal\/wp-json\/wp\/v2\/posts\/268801\/revisions"}],"wp:attachment":[{"href":"https:\/\/www.pcnen.com\/portal\/wp-json\/wp\/v2\/media?parent=268801"}],"wp:term":[{"taxonomy":"category","embeddable":true,"href":"https:\/\/www.pcnen.com\/portal\/wp-json\/wp\/v2\/categories?post=268801"},{"taxonomy":"post_tag","embeddable":true,"href":"https:\/\/www.pcnen.com\/portal\/wp-json\/wp\/v2\/tags?post=268801"}],"curies":[{"name":"wp","href":"https:\/\/api.w.org\/{rel}","templated":true}]}}