{"id":268790,"date":"2019-06-25T17:04:53","date_gmt":"2019-06-25T15:04:53","guid":{"rendered":"http:\/\/www.pcnen.com\/portal\/?p=268790"},"modified":"2019-06-25T18:08:23","modified_gmt":"2019-06-25T16:08:23","slug":"un-svijet-na-putu-klimatskog-aparthejda","status":"publish","type":"post","link":"https:\/\/www.pcnen.com\/portal\/2019\/06\/25\/un-svijet-na-putu-klimatskog-aparthejda\/","title":{"rendered":"UN: Svijet na putu &#8216;klimatskog aparthejda&#8217;"},"content":{"rendered":"<p><img loading=\"lazy\" decoding=\"async\" class=\"alignright size-medium wp-image-79283\" src=\"http:\/\/www.pcnen.com\/portal\/wp-content\/uploads\/2012\/03\/poplava-300x194.jpg\" alt=\"\" width=\"300\" height=\"194\" \/>Svijet je na putu &#8220;klimatskog aparthejda&#8221; u kojem \u0107e bogatiji mo\u0107i da kupe sebi bijeg od najte\u017eih uticaja globalnog otopljavanja, a siroma\u0161niji gra\u0111ani bi\u0107e suo\u010deni sa posljedicama, navodi se u izvje\u0161taju specijalnog izjestioca UN za esktremno siroma\u0161tvo Filipa Alstona.<\/p>\n<p>U izvje\u0161taju se navodi da bi preduze\u0107a trebala da imaju klju\u010dnu ulogu sa borbom protiv klimatskih promjena, ali da se na njih mo\u017ee osloniti da \u0107e se starati o siroma\u0161nijim.<\/p>\n<p>\u201ePrevi\u0161e oslanjanja na privatni sektor moglo bi dovesti do klimatskog aparthejda pri \u010demu \u0107e bogati platiti svoj bijeg od prevelike vru\u0107ine, gladi i sukoba, a ostatak svijeta bi\u0107e suo\u010den sa patnjama\u201c, isti\u010de se u izvje\u0161taju, prenosi Srna.<\/p>\n<p>On je kao primjer naveo stanovnike Njujorka koji su ostali bez elektri\u010dne energije ili medicinskih usluga 2012. godine pri naletu uragana Sendi dok je sjedi\u0161te kompanije &#8220;Goldman Saks&#8221; bilo za\u0161ti\u0107eno sa vi\u0161e desetina hiljada vre\u0107a sa pijeskom i imali su sopstveni agregat.<\/p>\n<p>Prema njegovoj ocjeni, oslanjanjem na privatni sektor za za\u0161titu od ekstremnih vremenskih neprilika i rasta nivoa mora &#8220;skoro sigurno \u0107e dovesti do kr\u0161enja ljudskih prava, jer \u0107e bogati pobje\u0107i, a siroma\u0161ni ostavljeni na cjedilu&#8221;.<\/p>\n<p>On je upozorio da \u0107e \u010dak i u slu\u010daju najpovoljnijih de\u0161avanja, vi\u0161e stotina miliona ljudi biti suo\u010deno sa nesigurnosti oko ishrane, prisilnom migracijom, oboljenjima i smrti.<\/p>\n<p>Alston u izvje\u0161taju kritikuje vlade jer ne \u010dine dovoljno ve\u0107 samo \u0161alju zvani\u010dnike na konferencije kako bi dr\u017eali &#8220;sumorne govore&#8221; iako nau\u010dnici i razni aktivisti upozoravaju na klimatske promjene od sedamdesetih godina pro\u0161log vijeka.<\/p>\n<p>\u201eTrideset godina odr\u017eavanja konvencija i ni\u0161ta nije postignuto. Od Toronta do Nordvijka, od Rija do Kjota i Pariza tekstovi saop\u0161tenja su sli\u010dni po\u0161to Amerika samo nastavlja po starom. SAD su ignorisale svako nau\u010dno upozorenje i ograni\u010denja\u201c, napominje Alston.<\/p>\n<p>Od 1980. godine sama Amerika se suo\u010dila sa 241 vremenskom i klimatskom katastrofom koje su izazvale \u0161tete u vrijednosti od milijardu dolara i vi\u0161e.<\/p>\n<p>Tokom tog perioda bilo je i pozitivnih de\u0161avanja, poput pada cijene obnovljivih energenata, smanjenje upotrebe uglja, opadanja emisija \u0161tetnih gasova u 49 dr\u017eava, a 7.000 gradova, 245 regiona i 6.000 kompanija obavezalo se za borbu protiv klimatskih promjena.<\/p>\n","protected":false},"excerpt":{"rendered":"<p>Svijet je na putu &#8220;klimatskog aparthejda&#8221; u kojem \u0107e bogatiji mo\u0107i da kupe sebi bijeg od najte\u017eih uticaja globalnog otopljavanja, a siroma\u0161niji gra\u0111ani bi\u0107e suo\u010deni sa posljedicama, navodi se u izvje\u0161taju specijalnog izjestioca UN za esktremno siroma\u0161tvo Filipa Alstona. U izvje\u0161taju se navodi da bi preduze\u0107a trebala da imaju klju\u010dnu ulogu sa borbom protiv klimatskih [&hellip;]<\/p>\n","protected":false},"author":1,"featured_media":0,"comment_status":"open","ping_status":"closed","sticky":false,"template":"","format":"standard","meta":{"_seopress_robots_primary_cat":"","_seopress_titles_title":"","_seopress_titles_desc":"","_seopress_robots_index":"","_et_pb_use_builder":"","_et_pb_old_content":"","_et_gb_content_width":"","inline_featured_image":false,"footnotes":""},"categories":[14,12],"tags":[],"class_list":["post-268790","post","type-post","status-publish","format-standard","hentry","category-vijesti","category-prica-dana"],"_links":{"self":[{"href":"https:\/\/www.pcnen.com\/portal\/wp-json\/wp\/v2\/posts\/268790","targetHints":{"allow":["GET"]}}],"collection":[{"href":"https:\/\/www.pcnen.com\/portal\/wp-json\/wp\/v2\/posts"}],"about":[{"href":"https:\/\/www.pcnen.com\/portal\/wp-json\/wp\/v2\/types\/post"}],"author":[{"embeddable":true,"href":"https:\/\/www.pcnen.com\/portal\/wp-json\/wp\/v2\/users\/1"}],"replies":[{"embeddable":true,"href":"https:\/\/www.pcnen.com\/portal\/wp-json\/wp\/v2\/comments?post=268790"}],"version-history":[{"count":0,"href":"https:\/\/www.pcnen.com\/portal\/wp-json\/wp\/v2\/posts\/268790\/revisions"}],"wp:attachment":[{"href":"https:\/\/www.pcnen.com\/portal\/wp-json\/wp\/v2\/media?parent=268790"}],"wp:term":[{"taxonomy":"category","embeddable":true,"href":"https:\/\/www.pcnen.com\/portal\/wp-json\/wp\/v2\/categories?post=268790"},{"taxonomy":"post_tag","embeddable":true,"href":"https:\/\/www.pcnen.com\/portal\/wp-json\/wp\/v2\/tags?post=268790"}],"curies":[{"name":"wp","href":"https:\/\/api.w.org\/{rel}","templated":true}]}}