{"id":268745,"date":"2019-06-24T21:50:54","date_gmt":"2019-06-24T19:50:54","guid":{"rendered":"http:\/\/www.pcnen.com\/portal\/?p=268745"},"modified":"2019-06-24T21:51:22","modified_gmt":"2019-06-24T19:51:22","slug":"vjetar-sjeverni-umjeren-do-pojacan","status":"publish","type":"post","link":"https:\/\/www.pcnen.com\/portal\/2019\/06\/24\/vjetar-sjeverni-umjeren-do-pojacan\/","title":{"rendered":"Vjetar sjeverni umjeren do poja\u010dan"},"content":{"rendered":"<p><img loading=\"lazy\" decoding=\"async\" class=\"size-full wp-image-185484 alignleft\" src=\"http:\/\/www.pcnen.com\/portal\/wp-content\/uploads\/2015\/07\/kisa.jpg\" alt=\"\" width=\"275\" height=\"183\" \/>U ju\u017enim krajevima Crne Gore bi\u0107e sun\u010dano, uz slab do umjeren razvoj dnevne obla\u010dnosti.<\/p>\n<p>Na sjeveru zemlje \u0107e u utorak biti promjenljivo obla\u010dno, sa malo ki\u0161e ponegdje ujutru; popodne \u0107e se mjestimi\u010dno otrgnuti i pljusak sa grmljavinom.<\/p>\n<p>Vjetar sjeverni bi\u0107e umjeren do poja\u010dan, ali \u0107e tokom dana u ju\u017enim krajevima oslabiti, a na primorju \u0107e po\u010deti da duva sa zapada i sjeverozapada.<\/p>\n<p>Jutarnja temperatura vazduha bi\u0107e u rasponu od 13 do 24, a najvi\u0161a dnevna od 22 do 35 stepeni.<\/p>\n<p>U Podgorici \u0107e prijepodne biti uglavnom sun\u010dano, a poslije podne umjereno obla\u010dno, ali uglavnom bez ki\u0161e. Vjetar sjeverni i sjeveroisto\u010dni bi\u0107e povremeno umjeren. Jutarnja temperatura vazduha bi\u0107e oko 24, a najvi\u0161a dnevna do 35 stepeni.<\/p>\n<p>Prognoza za ostale gradove.<\/p>\n","protected":false},"excerpt":{"rendered":"<p>Popodne \u0107e se  mjestimi\u010dno otrgnuti i pljusak sa grmljavinom na sjeveru Crne Gore<\/p>\n","protected":false},"author":1,"featured_media":0,"comment_status":"open","ping_status":"closed","sticky":false,"template":"","format":"standard","meta":{"_seopress_robots_primary_cat":"","_seopress_titles_title":"","_seopress_titles_desc":"","_seopress_robots_index":"","_et_pb_use_builder":"","_et_pb_old_content":"","_et_gb_content_width":"","inline_featured_image":false,"footnotes":""},"categories":[14,12],"tags":[],"class_list":["post-268745","post","type-post","status-publish","format-standard","hentry","category-vijesti","category-prica-dana"],"_links":{"self":[{"href":"https:\/\/www.pcnen.com\/portal\/wp-json\/wp\/v2\/posts\/268745","targetHints":{"allow":["GET"]}}],"collection":[{"href":"https:\/\/www.pcnen.com\/portal\/wp-json\/wp\/v2\/posts"}],"about":[{"href":"https:\/\/www.pcnen.com\/portal\/wp-json\/wp\/v2\/types\/post"}],"author":[{"embeddable":true,"href":"https:\/\/www.pcnen.com\/portal\/wp-json\/wp\/v2\/users\/1"}],"replies":[{"embeddable":true,"href":"https:\/\/www.pcnen.com\/portal\/wp-json\/wp\/v2\/comments?post=268745"}],"version-history":[{"count":0,"href":"https:\/\/www.pcnen.com\/portal\/wp-json\/wp\/v2\/posts\/268745\/revisions"}],"wp:attachment":[{"href":"https:\/\/www.pcnen.com\/portal\/wp-json\/wp\/v2\/media?parent=268745"}],"wp:term":[{"taxonomy":"category","embeddable":true,"href":"https:\/\/www.pcnen.com\/portal\/wp-json\/wp\/v2\/categories?post=268745"},{"taxonomy":"post_tag","embeddable":true,"href":"https:\/\/www.pcnen.com\/portal\/wp-json\/wp\/v2\/tags?post=268745"}],"curies":[{"name":"wp","href":"https:\/\/api.w.org\/{rel}","templated":true}]}}