{"id":268733,"date":"2019-06-24T17:23:05","date_gmt":"2019-06-24T15:23:05","guid":{"rendered":"http:\/\/www.pcnen.com\/portal\/?p=268733"},"modified":"2019-06-24T18:46:55","modified_gmt":"2019-06-24T16:46:55","slug":"vkocuvati-pravo-na-koriscenje-vjerske-imovine","status":"publish","type":"post","link":"https:\/\/www.pcnen.com\/portal\/2019\/06\/24\/vkocuvati-pravo-na-koriscenje-vjerske-imovine\/","title":{"rendered":"VK:O\u010duvati pravo na kori\u0161\u0107enje vjerske imovine"},"content":{"rendered":"<p><img loading=\"lazy\" decoding=\"async\" src=\"http:\/\/www.pcnen.com\/portal\/wp-content\/uploads\/2019\/06\/venecijanska-komisija.jpg\" alt=\"\" width=\"240\" height=\"152\" class=\"alignright size-full wp-image-268470\" \/>Venecijanska komisija je dala preporuku da promjena u vlasni\u0161tvu nad vjerskom imovinom ne uti\u010de automatski i na ve\u0107 postoje\u0107e pravo na kori\u0161\u0107enje takve imovine.<\/p>\n<p>Eksperti Venecijanske komisije konstatuju da dr\u017eava u svakom slu\u010daju ima pravo da nametne stroge uslove za kori\u0161\u0107enje imovine kako bi se za\u0161titilo kulturno nasle\u0111e, ali i da mora da u Nacrtu zakona o slobodi vjeroispovesti i pravnom polo\u017eaju vjerskih zajednica predvidi dodatne mjere za\u0161tite u predvi\u0111enim upravnim i sudskim postupcima za dokazivanje prava na imovinu vjerskih zajednica, prenosi Tanjug.<\/p>\n<p>U saop\u0161tenju Venecijanske komisije, koja je tijelo Savjeta Evrope, konstatuje se da se Nacrt zakona bavi pitanjem &#8220;navodne nelegalne ili zlonamjerne registracije nekih vjerskih nekretnina na ime vjerskih zajednica tokom 1990-tih godina&#8221; i predvi\u0111a postupak koji mo\u017ee da dovede do registracije vlasni\u0161tva na ime dr\u017eave, osim ako vjerska zajednica ne posjeduje dokaz da je konkretna registracija u katastru bila legitiman izuzetak od prevladavaju\u0107eg pravnog re\u017eima prema kojem vjerska zajednica mo\u017ee da koristi imovinu, ali ne i da je posejduje.<\/p>\n<p>U saop\u0161tenju se isti\u010de da nije zadatak Venecijanske komisije da utvr\u0111uje istorijske \u010dinjenice i sukcesivne pravne re\u017eime za odluku o pravnoj valjanosti registracija tokom 1990-tih na ime vjerskih zajednica, pa je zbog toga Komisija formulisala preporuke koje, kako se navodi, treba da razjasne Nacrt zakona i uvedu dodatne mjere za\u0161tite u proceduri koja je nacrtom predvi\u0111ena.<\/p>\n<p>&#8220;\u0160tavi\u0161e, eksperti smatraju da nacrt zakona treba da pru\u017ei dovoljno detalja i obja\u0161njenja kako bi se zadovoljio zahtjev predvidljivosti i pristupa\u010dnosti&#8221;, navodi se u saop\u0161tenju.<\/p>\n<p>Specijalni upravni i sudski postupak, predvi\u0111eni u Nacrtu zakona povodom dokazivanja imovinskih prava, moraju da obezbijede pravnu za\u0161titu koja je jednaka obi\u010dnom sudskom postupku kao i da budu usagla\u0161eni sa pravom svojine i pravom na pravi\u010dno su\u0111enje, napomenula je Venecijanska komisija.<\/p>\n<p>Pored toga, Venecijanska komisija nagla\u0161ava da registracija prava svojine na ime dr\u017eave mo\u017ee da bude u\u010dinjena tek po dono\u0161enju kona\u010dne (sudske) odluke i u tom smislu sugeri\u0161e izmjenu \u010dlana 63 u Nacrtu zakona tako da katastar ne upisuje &#8220;pravo dr\u017eave na imovinu&#8230;&#8221;, ve\u0107 samo zahtjev dr\u017eave za registraciju prava na imovinu&#8221;, do okon\u010danja sudskog postupka.<\/p>\n<p>Venecijanska komisija je pozdravila izjave crnogorskih zvani\u010dnika da prenos vjerskih objekata i zemlje ne\u0107e u su\u0161tini uticati na njihovu upotrebu, ali i napomenula da to ne proisti\u010de iz nacrta zakona.<\/p>\n<p>&#8220;Dok ove izjave predstavljaju va\u017enu garanciju da vjerske zajednice mogu nastaviti sa svojim vjerskim aktivnostima u tim zgradama, to ne proizlazi iz nacrta zakona. Zbog toga Venecijanska komisija preporu\u010duje da nacrct zakona jasno navede da promjena u vlasni\u0161tvu nad vjerskom imovinom ne\u0107e automatski uticati na ve\u0107 postoje\u0107e pravo na kori\u0161\u0107enje takve imovine&#8221;, navodi se u misljenju eksperata.<\/p>\n<p>Dodaje se da dr\u017eava u svakom slu\u010daju ima pravo da nametne stroge uslove za kori\u0161\u0107enje imovine kako bi se za\u0161titilo kulturno nasle\u0111e zemlje, uklju\u010duju\u0107i i zahtuev da svaka izmuena imovine zahtijeva prethodno dr\u017eavno odobrenje.<\/p>\n<p>Ovaj zakon sporan je za Sprsku pravosalvnu crkvu i njene vjernike, jer prijeti oduzimanjem imovine i crkvenih nepokretnosti od SPC u korist crnogorske dr\u017eave, odnosno nepriznate Crnogorske pravoslavne crkve.<\/p>\n<p>Na sjednici Venecijanske komisije 20. juna, \u010dlanovi tog stru\u010dnog tijela Savjeta Evrope razmijenili su mi\u0161ljenja sa ministrom za ljudska i manjinska prava Crne Gore Mehmetom Zenkom o predlo\u017eenom zakonskom tekstu, koji je prethodno pregledala pod-Komisija za Osnovna prava, objavljeno je na sajtu Savjeta Evrope.<\/p>\n","protected":false},"excerpt":{"rendered":"<p>Promjena u vlasni\u0161tvu nad vjerskom imovinom ne\u0107e automatski uticati na ve\u0107 postoje\u0107e pravo na kori\u0161\u0107enje takve imovine<\/p>\n","protected":false},"author":1,"featured_media":0,"comment_status":"open","ping_status":"closed","sticky":false,"template":"","format":"standard","meta":{"_seopress_robots_primary_cat":"","_seopress_titles_title":"","_seopress_titles_desc":"","_seopress_robots_index":"","_et_pb_use_builder":"","_et_pb_old_content":"","_et_gb_content_width":"","inline_featured_image":false,"footnotes":""},"categories":[14,12],"tags":[],"class_list":["post-268733","post","type-post","status-publish","format-standard","hentry","category-vijesti","category-prica-dana"],"_links":{"self":[{"href":"https:\/\/www.pcnen.com\/portal\/wp-json\/wp\/v2\/posts\/268733","targetHints":{"allow":["GET"]}}],"collection":[{"href":"https:\/\/www.pcnen.com\/portal\/wp-json\/wp\/v2\/posts"}],"about":[{"href":"https:\/\/www.pcnen.com\/portal\/wp-json\/wp\/v2\/types\/post"}],"author":[{"embeddable":true,"href":"https:\/\/www.pcnen.com\/portal\/wp-json\/wp\/v2\/users\/1"}],"replies":[{"embeddable":true,"href":"https:\/\/www.pcnen.com\/portal\/wp-json\/wp\/v2\/comments?post=268733"}],"version-history":[{"count":0,"href":"https:\/\/www.pcnen.com\/portal\/wp-json\/wp\/v2\/posts\/268733\/revisions"}],"wp:attachment":[{"href":"https:\/\/www.pcnen.com\/portal\/wp-json\/wp\/v2\/media?parent=268733"}],"wp:term":[{"taxonomy":"category","embeddable":true,"href":"https:\/\/www.pcnen.com\/portal\/wp-json\/wp\/v2\/categories?post=268733"},{"taxonomy":"post_tag","embeddable":true,"href":"https:\/\/www.pcnen.com\/portal\/wp-json\/wp\/v2\/tags?post=268733"}],"curies":[{"name":"wp","href":"https:\/\/api.w.org\/{rel}","templated":true}]}}