{"id":268731,"date":"2019-06-24T15:37:27","date_gmt":"2019-06-24T13:37:27","guid":{"rendered":"http:\/\/www.pcnen.com\/portal\/?p=268731"},"modified":"2019-06-24T15:37:27","modified_gmt":"2019-06-24T13:37:27","slug":"solana-park-prirode","status":"publish","type":"post","link":"https:\/\/www.pcnen.com\/portal\/2019\/06\/24\/solana-park-prirode\/","title":{"rendered":"Solana \u2013 park prirode"},"content":{"rendered":"<p><img loading=\"lazy\" decoding=\"async\" class=\"size-medium wp-image-199434 alignleft\" src=\"http:\/\/www.pcnen.com\/portal\/wp-content\/uploads\/2016\/02\/solana_ulcinj-300x169.jpg\" alt=\"\" width=\"300\" height=\"169\" \/>Skup\u0161tina op\u0161tine Ulcinj je danas usvojila Odluku o progla\u0161enju Solane parkom prirode, javljaju lokalni mediji.<\/p>\n<p>U odluci se navodi da \u0107e Op\u0161tina Ulcinj osnovati privredno dru\u0161tvo kome \u0107e od naredne godine povjeriti upravljanje ovim za\u0161ti\u0107enim podru\u010djem.<\/p>\n<p>Evropska komisija je u posljednjem Izvje\u0161taju o napretku pozvala Op\u0161tinu da usvoji dokument o za\u0161titi tog podru\u010dja.<\/p>\n","protected":false},"excerpt":{"rendered":"<p>Skup\u0161tina op\u0161tine Ulcinj je danas usvojila Odluku o progla\u0161enju Solane parkom prirode, javljaju lokalni mediji. U odluci se navodi da \u0107e Op\u0161tina Ulcinj osnovati privredno dru\u0161tvo kome \u0107e od naredne godine povjeriti upravljanje ovim za\u0161ti\u0107enim podru\u010djem. Evropska komisija je u posljednjem Izvje\u0161taju o napretku pozvala Op\u0161tinu da usvoji dokument o za\u0161titi tog podru\u010dja.<\/p>\n","protected":false},"author":1,"featured_media":0,"comment_status":"open","ping_status":"closed","sticky":false,"template":"","format":"standard","meta":{"_seopress_robots_primary_cat":"","_seopress_titles_title":"","_seopress_titles_desc":"","_seopress_robots_index":"","_et_pb_use_builder":"","_et_pb_old_content":"","_et_gb_content_width":"","inline_featured_image":false,"footnotes":""},"categories":[14,12],"tags":[],"class_list":["post-268731","post","type-post","status-publish","format-standard","hentry","category-vijesti","category-prica-dana"],"_links":{"self":[{"href":"https:\/\/www.pcnen.com\/portal\/wp-json\/wp\/v2\/posts\/268731","targetHints":{"allow":["GET"]}}],"collection":[{"href":"https:\/\/www.pcnen.com\/portal\/wp-json\/wp\/v2\/posts"}],"about":[{"href":"https:\/\/www.pcnen.com\/portal\/wp-json\/wp\/v2\/types\/post"}],"author":[{"embeddable":true,"href":"https:\/\/www.pcnen.com\/portal\/wp-json\/wp\/v2\/users\/1"}],"replies":[{"embeddable":true,"href":"https:\/\/www.pcnen.com\/portal\/wp-json\/wp\/v2\/comments?post=268731"}],"version-history":[{"count":0,"href":"https:\/\/www.pcnen.com\/portal\/wp-json\/wp\/v2\/posts\/268731\/revisions"}],"wp:attachment":[{"href":"https:\/\/www.pcnen.com\/portal\/wp-json\/wp\/v2\/media?parent=268731"}],"wp:term":[{"taxonomy":"category","embeddable":true,"href":"https:\/\/www.pcnen.com\/portal\/wp-json\/wp\/v2\/categories?post=268731"},{"taxonomy":"post_tag","embeddable":true,"href":"https:\/\/www.pcnen.com\/portal\/wp-json\/wp\/v2\/tags?post=268731"}],"curies":[{"name":"wp","href":"https:\/\/api.w.org\/{rel}","templated":true}]}}