{"id":268726,"date":"2019-06-24T13:22:13","date_gmt":"2019-06-24T11:22:13","guid":{"rendered":"http:\/\/www.pcnen.com\/portal\/?p=268726"},"modified":"2019-06-24T15:33:17","modified_gmt":"2019-06-24T13:33:17","slug":"katanac-na-ulaznim-vratima-zgrade-so-kotor","status":"publish","type":"post","link":"https:\/\/www.pcnen.com\/portal\/2019\/06\/24\/katanac-na-ulaznim-vratima-zgrade-so-kotor\/","title":{"rendered":"Katanac na ulaznim vratima zgrade SO Kotor"},"content":{"rendered":"<div id=\"attachment_268729\" style=\"width: 310px\" class=\"wp-caption alignleft\"><img loading=\"lazy\" decoding=\"async\" aria-describedby=\"caption-attachment-268729\" class=\"size-medium wp-image-268729\" src=\"http:\/\/www.pcnen.com\/portal\/wp-content\/uploads\/2019\/06\/katanac-300x212.jpg\" alt=\"\" width=\"300\" height=\"212\" \/><p id=\"caption-attachment-268729\" class=\"wp-caption-text\">ilustracija<\/p><\/div>\n<p>Po nalogu predsjednika <a href=\"http:\/\/www.pcnen.com\/portal\/2019\/06\/11\/up-cg-ponistio-odluku-o-smjeni-jokica\/\">Op\u0161tine Kotor Vladimira Joki\u0107a,<\/a> uz saglasnost predsjednice Skup\u0161tine op\u0161tine Dragice Perovi\u0107, rano jutros zape\u010da\u0107ena su ulazna vrata slu\u017ebenh prostorija SO Kotor, a nakon najave odr\u017eavanja sednice \u010dije sazivanje smatraju nezakonitim.<\/p>\n<p>Oni su vrata zape\u010datili \u201eu cilju privremenog onemogu\u0107avanja mogu\u0107eg vr\u0161enja radnji\u201c koje je za danas najavio odbornik DPS-a \u017deljko Avbramovi\u0107.<\/p>\n<p>Protiv njega su ranije Joki\u0107, Perovi\u0107, potpredsjednik op\u0161tine Samard\u017ei\u0107, kao i Branko Kova\u010devi\u0107 i Branko Ivanovi\u0107 podnijeli krivi\u010dnu prijavu zbog la\u017enog predstavljanja Dr\u017eavnom tu\u017eila\u0161tvu i Vrhovnom dr\u017eavnom tu\u017eila\u0161tvu, prenosi RTCG.<\/p>\n<p>Kako se podsje\u0107a, na jednici SO koja je zakazana za danas u 10 sati trebalo je da se raspravlja o smjeni Joki\u0107a, koji je pozvao premijera Du\u0161ka Markovi\u0107a da raspusti Skup\u0161tinu op\u0161tine (SO) Kotor i formira odbor povjerenika koji \u0107e obavljati funkcije Skup\u0161tine do konstituisanja novog saziva.<\/p>\n<p>U zapisniku se navodi da su na vratima SO promijenjene brave, a zaklju\u010dani su svi ulazi koji vode u slu\u017ebene prostorije SO radi, kako navode potpisnici zapisnika, onemogu\u0107avanja neovla\u0161\u0107enim licima, \u201ezbog rizika od izvr\u0161enja krivi\u010dnog djela u produ\u017eenom trajanju, a \u010dije posledice mogu imati zna\u010dajan uticaj na ostvarivanje prava gra\u0111ana op\u0161tine Kotor, na blokiranje vr\u0161enja funkcije lokalne samouprave, na po\u0161tovanje pravnog poretka Crne Gore\u201c.<\/p>\n<p>Privremeno zatvaranje slu\u017ebenih prostorija SO Kotor traja\u0107e do dostavljanja obavje\u0161tenja nadle\u017enog tu\u017eioca podnosiocima krivi\u010dne prijave o postupanju po navedenoj krivi\u010dnoj prijavi do dono\u0161enja odluka, odnosno dostavljanja odgovora nadle\u017enih dr\u017eavnih organa, a prije svega Vlade Crne Gore, na upu\u0107ene dopise od strane predsjednika Op\u0161tine Kotor ili predsjednice SO Kotor ili do preduzimanja drugih radnji iz nadle\u017enosti Vlade Crne Gore.<\/p>\n","protected":false},"excerpt":{"rendered":"<p>Po nalogu predsjednika Op\u0161tine Kotor Vladimira Joki\u0107a, uz saglasnost predsjednice Skup\u0161tine op\u0161tine Dragice Perovi\u0107, rano jutros zape\u010da\u0107ena su ulazna vrata slu\u017ebenh prostorija SO Kotor, a nakon najave odr\u017eavanja sednice \u010dije sazivanje smatraju nezakonitim. Oni su vrata zape\u010datili \u201eu cilju privremenog onemogu\u0107avanja mogu\u0107eg vr\u0161enja radnji\u201c koje je za danas najavio odbornik DPS-a \u017deljko Avbramovi\u0107. Protiv njega [&hellip;]<\/p>\n","protected":false},"author":1,"featured_media":0,"comment_status":"open","ping_status":"closed","sticky":false,"template":"","format":"standard","meta":{"_seopress_robots_primary_cat":"","_seopress_titles_title":"","_seopress_titles_desc":"","_seopress_robots_index":"","_et_pb_use_builder":"","_et_pb_old_content":"","_et_gb_content_width":"","inline_featured_image":false,"footnotes":""},"categories":[14,12],"tags":[],"class_list":["post-268726","post","type-post","status-publish","format-standard","hentry","category-vijesti","category-prica-dana"],"_links":{"self":[{"href":"https:\/\/www.pcnen.com\/portal\/wp-json\/wp\/v2\/posts\/268726","targetHints":{"allow":["GET"]}}],"collection":[{"href":"https:\/\/www.pcnen.com\/portal\/wp-json\/wp\/v2\/posts"}],"about":[{"href":"https:\/\/www.pcnen.com\/portal\/wp-json\/wp\/v2\/types\/post"}],"author":[{"embeddable":true,"href":"https:\/\/www.pcnen.com\/portal\/wp-json\/wp\/v2\/users\/1"}],"replies":[{"embeddable":true,"href":"https:\/\/www.pcnen.com\/portal\/wp-json\/wp\/v2\/comments?post=268726"}],"version-history":[{"count":0,"href":"https:\/\/www.pcnen.com\/portal\/wp-json\/wp\/v2\/posts\/268726\/revisions"}],"wp:attachment":[{"href":"https:\/\/www.pcnen.com\/portal\/wp-json\/wp\/v2\/media?parent=268726"}],"wp:term":[{"taxonomy":"category","embeddable":true,"href":"https:\/\/www.pcnen.com\/portal\/wp-json\/wp\/v2\/categories?post=268726"},{"taxonomy":"post_tag","embeddable":true,"href":"https:\/\/www.pcnen.com\/portal\/wp-json\/wp\/v2\/tags?post=268726"}],"curies":[{"name":"wp","href":"https:\/\/api.w.org\/{rel}","templated":true}]}}