{"id":268677,"date":"2019-06-23T23:34:08","date_gmt":"2019-06-23T21:34:08","guid":{"rendered":"http:\/\/www.pcnen.com\/portal\/?p=268677"},"modified":"2019-06-23T23:34:08","modified_gmt":"2019-06-23T21:34:08","slug":"erdogan-izgubio-istanbul","status":"publish","type":"post","link":"https:\/\/www.pcnen.com\/portal\/2019\/06\/23\/erdogan-izgubio-istanbul\/","title":{"rendered":"Erdogan izgubio Istanbul"},"content":{"rendered":"<p><img loading=\"lazy\" decoding=\"async\" class=\"size-medium wp-image-197187 alignleft\" src=\"http:\/\/www.pcnen.com\/portal\/wp-content\/uploads\/2016\/01\/Istanbul-300x160.jpg\" alt=\"\" width=\"300\" height=\"160\" \/>Predsjednik Turske Red\u017eep Tajip Erdogan je \u010destitao ve\u010deras kandidatu opozicije pobjedu na izborima za gradona\u010delnika Istanbula, navode\u0107i da prihvata izborni rezultat glasanja nakon poni\u0161tenja rezultata prvih izbora odr\u017eanih krajem marta.<\/p>\n<p>&#8220;\u010cestitam Ekremu Imamogluu na pobjedi prema nezvani\u010dnim rezultatima&#8221;, napisao je Erdogan na Tviteru, prenosi Beta.<\/p>\n<p>Kandidat turskog predsjednika, Binali Jildirim je priznao ranije danas poraz na lokalnim izborima u Istanbulu nakon \u0161to su objavljeni prvi rezultati glasanja.<\/p>\n<p>Istanbul \u0107e prvi put u posljednjih 25 godina voditi stranka koja nije vladaju\u0107a.<\/p>\n<p>Erdoganova Stranka pravde i razvoja (AKP) je, tako\u0111e, izgubila u Ankari na lokalnim izborima odr\u017eanim krajem marta.<\/p>\n<p>Poni\u0161tavanje izbornih rezultata u Istanbulu na zahtjev AK izazvalo je zabrinutost u svijetu o stanju turske demokratije, kao i strahovanje kako \u0107e ta stranka na vlasti od 2002. godine prihvatiti bilo kakav izborni poraz.<\/p>\n<p>Analiti\u010dari su ranije ocijenili da \u0107e glasanje u Istanbulu biti test popularnosti za Erdogana koji je nedavno rekao da onaj ko pobijedi u Istanbulu, pobje\u0111uje u cijeloj Turskoj.<\/p>\n","protected":false},"excerpt":{"rendered":"<p>Predsjednik Turske Red\u017eep Tajip Erdogan je \u010destitao ve\u010deras kandidatu opozicije pobjedu na izborima za gradona\u010delnika Istanbula, navode\u0107i da prihvata izborni rezultat glasanja nakon poni\u0161tenja rezultata prvih izbora odr\u017eanih krajem marta. &#8220;\u010cestitam Ekremu Imamogluu na pobjedi prema nezvani\u010dnim rezultatima&#8221;, napisao je Erdogan na Tviteru, prenosi Beta. Kandidat turskog predsjednika, Binali Jildirim je priznao ranije danas poraz [&hellip;]<\/p>\n","protected":false},"author":1,"featured_media":0,"comment_status":"open","ping_status":"closed","sticky":false,"template":"","format":"standard","meta":{"_seopress_robots_primary_cat":"","_seopress_titles_title":"","_seopress_titles_desc":"","_seopress_robots_index":"","_et_pb_use_builder":"","_et_pb_old_content":"","_et_gb_content_width":"","inline_featured_image":false,"footnotes":""},"categories":[14,12],"tags":[],"class_list":["post-268677","post","type-post","status-publish","format-standard","hentry","category-vijesti","category-prica-dana"],"_links":{"self":[{"href":"https:\/\/www.pcnen.com\/portal\/wp-json\/wp\/v2\/posts\/268677","targetHints":{"allow":["GET"]}}],"collection":[{"href":"https:\/\/www.pcnen.com\/portal\/wp-json\/wp\/v2\/posts"}],"about":[{"href":"https:\/\/www.pcnen.com\/portal\/wp-json\/wp\/v2\/types\/post"}],"author":[{"embeddable":true,"href":"https:\/\/www.pcnen.com\/portal\/wp-json\/wp\/v2\/users\/1"}],"replies":[{"embeddable":true,"href":"https:\/\/www.pcnen.com\/portal\/wp-json\/wp\/v2\/comments?post=268677"}],"version-history":[{"count":0,"href":"https:\/\/www.pcnen.com\/portal\/wp-json\/wp\/v2\/posts\/268677\/revisions"}],"wp:attachment":[{"href":"https:\/\/www.pcnen.com\/portal\/wp-json\/wp\/v2\/media?parent=268677"}],"wp:term":[{"taxonomy":"category","embeddable":true,"href":"https:\/\/www.pcnen.com\/portal\/wp-json\/wp\/v2\/categories?post=268677"},{"taxonomy":"post_tag","embeddable":true,"href":"https:\/\/www.pcnen.com\/portal\/wp-json\/wp\/v2\/tags?post=268677"}],"curies":[{"name":"wp","href":"https:\/\/api.w.org\/{rel}","templated":true}]}}