{"id":268639,"date":"2019-06-23T19:07:38","date_gmt":"2019-06-23T17:07:38","guid":{"rendered":"http:\/\/www.pcnen.com\/portal\/?p=268639"},"modified":"2019-06-23T19:08:05","modified_gmt":"2019-06-23T17:08:05","slug":"vise-kise-popodne","status":"publish","type":"post","link":"https:\/\/www.pcnen.com\/portal\/2019\/06\/23\/vise-kise-popodne\/","title":{"rendered":"Vi\u0161e ki\u0161e popodne"},"content":{"rendered":"<p><img loading=\"lazy\" decoding=\"async\" class=\"size-medium wp-image-207923 alignleft\" src=\"http:\/\/www.pcnen.com\/portal\/wp-content\/uploads\/2016\/06\/livada-288x300.jpg\" alt=\"\" width=\"288\" height=\"300\" \/>Promjenljivo obla\u010dno bi\u0107e u ponedjeljak u Crnoj Gori, a ki\u0161a ili pljuska sa grmljavinom bi\u0107e povremeno. Vi\u0161e padavina najavljuje se u drugom dijelu dana i u sjevernim krajevima zemlje.<\/p>\n<p>Na primorju bi\u0107e dosta suvog vremena uz du\u017ee sun\u010dane intervale.<\/p>\n<p>Vjetar promjenljivog smjera bi\u0107e slab do umjeren. U drugom dijelu dana i tokom no\u0107i duva\u0107e umjeren do poja\u010dan sjeverni i sjeveroisto\u010dni vjetar.<\/p>\n<p>Jutarnja temperatura vazduha bi\u0107e u rasponu od 11 do 23, a najvi\u0161a dnevna od 18 do 32 stepena.<\/p>\n<p>U Podgorici \u0107e biti promjenljivo obla\u010dno sa sun\u010danim intervalima. Uglavnom u drugom dijelu dana bi\u0107e ki\u0161e ili pljuska sa grmljavinom. Krajem dana i tokom no\u0107i duva\u0107e umjeren do poja\u010dan sjeveroisto\u010dnjak. Jutarnja temperatura vazduha bi\u0107e oko 21, a najvi\u0161a dnevna do 32 stepena.<\/p>\n<p><a href=\"http:\/\/www.meteo.co.me\/misc.php?text=121&amp;sektor=1&amp;grad=TIV\">Prognoza za ostale gradove.<\/a><\/p>\n","protected":false},"excerpt":{"rendered":"<p>U  drugom dijelu dana i tokom no\u0107i duva\u0107e umjeren do poja\u010dan sjeverni i sjeveroisto\u010dni vjetar<\/p>\n","protected":false},"author":1,"featured_media":0,"comment_status":"open","ping_status":"closed","sticky":false,"template":"","format":"standard","meta":{"_seopress_robots_primary_cat":"","_seopress_titles_title":"","_seopress_titles_desc":"","_seopress_robots_index":"","_et_pb_use_builder":"","_et_pb_old_content":"","_et_gb_content_width":"","inline_featured_image":false,"footnotes":""},"categories":[14,12],"tags":[],"class_list":["post-268639","post","type-post","status-publish","format-standard","hentry","category-vijesti","category-prica-dana"],"_links":{"self":[{"href":"https:\/\/www.pcnen.com\/portal\/wp-json\/wp\/v2\/posts\/268639","targetHints":{"allow":["GET"]}}],"collection":[{"href":"https:\/\/www.pcnen.com\/portal\/wp-json\/wp\/v2\/posts"}],"about":[{"href":"https:\/\/www.pcnen.com\/portal\/wp-json\/wp\/v2\/types\/post"}],"author":[{"embeddable":true,"href":"https:\/\/www.pcnen.com\/portal\/wp-json\/wp\/v2\/users\/1"}],"replies":[{"embeddable":true,"href":"https:\/\/www.pcnen.com\/portal\/wp-json\/wp\/v2\/comments?post=268639"}],"version-history":[{"count":0,"href":"https:\/\/www.pcnen.com\/portal\/wp-json\/wp\/v2\/posts\/268639\/revisions"}],"wp:attachment":[{"href":"https:\/\/www.pcnen.com\/portal\/wp-json\/wp\/v2\/media?parent=268639"}],"wp:term":[{"taxonomy":"category","embeddable":true,"href":"https:\/\/www.pcnen.com\/portal\/wp-json\/wp\/v2\/categories?post=268639"},{"taxonomy":"post_tag","embeddable":true,"href":"https:\/\/www.pcnen.com\/portal\/wp-json\/wp\/v2\/tags?post=268639"}],"curies":[{"name":"wp","href":"https:\/\/api.w.org\/{rel}","templated":true}]}}