{"id":268616,"date":"2019-06-23T12:20:06","date_gmt":"2019-06-23T10:20:06","guid":{"rendered":"http:\/\/www.pcnen.com\/portal\/?p=268616"},"modified":"2019-06-23T12:51:54","modified_gmt":"2019-06-23T10:51:54","slug":"wcjhrvatska-bi-da-mijenja-istinu-o-holokaustu","status":"publish","type":"post","link":"https:\/\/www.pcnen.com\/portal\/2019\/06\/23\/wcjhrvatska-bi-da-mijenja-istinu-o-holokaustu\/","title":{"rendered":"WCJ: Hrvatska bi da mijenja istinu o holokaustu"},"content":{"rendered":"<p><img loading=\"lazy\" decoding=\"async\" src=\"http:\/\/www.pcnen.com\/portal\/wp-content\/uploads\/2016\/02\/jevrejska-zvijezda.jpg\" alt=\"\" width=\"294\" height=\"253\" class=\"alignright size-full wp-image-199129\" \/>Hvetski jevrejski kongres (WJC) je osudio najavu izgradnje spomenika \u017ertvama holokausta u Zagrebu, jer taj \u010din vidi kao poku\u0161aj prikrivanja uloge NDH u zlo\u010dinima i pozvao grad da odustane od ideje, a hrvatske vlasti optu\u017eio da opet ula\u017eu napore da prikriju monstruozne zlo\u010dine usta\u0161a nad Jevrejima, Romima i etni\u010dkim Srbima.<\/p>\n<p>Iz WJC je poru\u010deno da hrvatske vlasti to \u010dine stvaranjem la\u017enog utiska da je samo nacisti\u010dka Njema\u010dka odgovorna za u\u017ease holokausta.<\/p>\n<p>&#8220;Svjetski jevrejski kongres pridru\u017euje se svojoj zajednici u Hrvatskoj u osudi odluke zagreba\u010dke skup\u0161tine o podizanju spomenika za \u0161est miliona jevrejskih \u017ertava holokausta, kojom se bezo\u010dno ignori\u0161e aktivna uloga Nezavisne dr\u017eave Hrvatske za vrijeme usta\u0161kog re\u017eima u \u010dinjenju tih zlo\u010dina tokom Drugog svjetskog rata&#8221;, navodi se u saop\u0161tenju koje je danas dostavljeno Hini.<\/p>\n<p>Agencija navodi da je Jevrejska op\u0161tina Zagreb (\u017dOZ) zatra\u017eila poni\u0161tenje &#8220;sramotne odluke&#8221; o podizanju spomenika \u017ertvama holokausta u Zagrebu, jer smatra da time \u017eeli da se prikrije istina o stradanjima Jevreja u NDH.<\/p>\n<p>Zastupnici zagreba\u010dke Gradske skup\u0161tine odlu\u010dili su na sjednici odr\u017eanoj 4. juna da \u0107e Grad Zagreb u Branimirovoj ulici, kod Glavne \u017eeljezni\u010dke stanice, podi\u0107i spomenik \u017ertvama holokausta autora Dalibora Sto\u0161i\u0107a i Kre\u0161imira Rogine, kao znak sje\u0107anja na \u0161est miliona Jevreja stradalih u holokaustu, sa porukom da se pro\u0161lost ne ponovi.<\/p>\n<p>U odgovoru na tu odluku, predsjednik WJC Ronald S. Loder je rekao da su &#8220;vlasti u Hrvatskoj kontinuirano poku\u0161avale da izmijene istoriju i oslobode usta\u0161ki re\u017eim neupitne umije\u0161anosti u okrutna masovna ubistva Jevreja, Roma i etni\u010dkih Srba u periodu od 1941. do 1945&#8221;.<\/p>\n<p>&#8220;Uvijek postoji velika vrijednost odavanja po\u010dasti svim \u017ertvama holokausta, ali novi spomenik grada Zagreba predstavlja iskrivljivanje istorije i uvredu sje\u0107anju na mu\u0161karce, \u017eene i djecu koji su bili \u017ertve usta\u0161a i njihovog vo\u0111e Ante Paveli\u0107a. Hrvatske vlasti opet ula\u017eu sve napore da prikriju monstruozne zlo\u010dine usta\u0161a stvaranjem la\u017enog utiska da je samo nacisti\u010dka Njema\u010dka odgovorna za u\u017ease holokausta&#8221;, naveo je Loder.<\/p>\n<p>On je ocijenio da &#8220;ne mo\u017ee da se govori o holokaustu u Hrvatskoj bez ukazivanja na sredi\u0161nju ulogu usta\u0161kog re\u017eima u dono\u0161enju i sprovo\u0111enju rasnih zakona kojima su Jevreji, Romi i etni\u010dkih Srbi izlo\u017eeni progonu, mu\u010denju i smrti. U dodatku na javno odavanje po\u010dasti \u017ertvama Hitlerovog rata protiv Jevreja, Hrvatska mora posebno da oda po\u010dast \u017ertvama usta\u0161kog re\u017eima&#8221;, poru\u010dio je Loder u saop\u0161tenju.<\/p>\n","protected":false},"excerpt":{"rendered":"<p>Hvetski jevrejski kongres (WJC) je osudio najavu izgradnje spomenika \u017ertvama holokausta u Zagrebu, jer taj \u010din vidi kao poku\u0161aj prikrivanja uloge NDH u zlo\u010dinima i pozvao grad da odustane od ideje, a hrvatske vlasti optu\u017eio da opet ula\u017eu napore da prikriju monstruozne zlo\u010dine usta\u0161a nad Jevrejima, Romima i etni\u010dkim Srbima. Iz WJC je poru\u010deno da [&hellip;]<\/p>\n","protected":false},"author":1,"featured_media":0,"comment_status":"open","ping_status":"closed","sticky":false,"template":"","format":"standard","meta":{"_seopress_robots_primary_cat":"","_seopress_titles_title":"","_seopress_titles_desc":"","_seopress_robots_index":"","_et_pb_use_builder":"","_et_pb_old_content":"","_et_gb_content_width":"","inline_featured_image":false,"footnotes":""},"categories":[14,12],"tags":[],"class_list":["post-268616","post","type-post","status-publish","format-standard","hentry","category-vijesti","category-prica-dana"],"_links":{"self":[{"href":"https:\/\/www.pcnen.com\/portal\/wp-json\/wp\/v2\/posts\/268616","targetHints":{"allow":["GET"]}}],"collection":[{"href":"https:\/\/www.pcnen.com\/portal\/wp-json\/wp\/v2\/posts"}],"about":[{"href":"https:\/\/www.pcnen.com\/portal\/wp-json\/wp\/v2\/types\/post"}],"author":[{"embeddable":true,"href":"https:\/\/www.pcnen.com\/portal\/wp-json\/wp\/v2\/users\/1"}],"replies":[{"embeddable":true,"href":"https:\/\/www.pcnen.com\/portal\/wp-json\/wp\/v2\/comments?post=268616"}],"version-history":[{"count":0,"href":"https:\/\/www.pcnen.com\/portal\/wp-json\/wp\/v2\/posts\/268616\/revisions"}],"wp:attachment":[{"href":"https:\/\/www.pcnen.com\/portal\/wp-json\/wp\/v2\/media?parent=268616"}],"wp:term":[{"taxonomy":"category","embeddable":true,"href":"https:\/\/www.pcnen.com\/portal\/wp-json\/wp\/v2\/categories?post=268616"},{"taxonomy":"post_tag","embeddable":true,"href":"https:\/\/www.pcnen.com\/portal\/wp-json\/wp\/v2\/tags?post=268616"}],"curies":[{"name":"wp","href":"https:\/\/api.w.org\/{rel}","templated":true}]}}