{"id":268580,"date":"2019-06-22T20:45:44","date_gmt":"2019-06-22T18:45:44","guid":{"rendered":"http:\/\/www.pcnen.com\/portal\/?p=268580"},"modified":"2019-06-22T20:45:44","modified_gmt":"2019-06-22T18:45:44","slug":"talibani-americki-vojnici-pritekli-u-pomoc-teroristima","status":"publish","type":"post","link":"https:\/\/www.pcnen.com\/portal\/2019\/06\/22\/talibani-americki-vojnici-pritekli-u-pomoc-teroristima\/","title":{"rendered":"Talibani: Ameri\u010dki vojnici pritekli u pomo\u0107 teroristima"},"content":{"rendered":"<p><img loading=\"lazy\" decoding=\"async\" class=\"size-full wp-image-78450 alignleft\" src=\"http:\/\/www.pcnen.com\/portal\/wp-content\/uploads\/2012\/03\/Rat-u-Avganistanu.jpg\" alt=\"\" width=\"275\" height=\"183\" \/>Vojnici SAD u Avganistanu su pritekli u pomo\u0107 \u010dlanovima teroristi\u010dke grupe Islamska dr\u017eava (ID) nakon talibanske operacije \u010di\u0161\u0107enja terorista s istoka zemlje, tvrde talibanski izvori, <a href=\"https:\/\/www.presstv.com\/Detail\/2019\/06\/22\/599128\/US-troops-Afghanistan-Kunar-Daesh-Taliban-operation\">prenose iranski mediji.<\/a><\/p>\n<p>Talibani su ju\u010de saop\u0161tili da su ameri\u010dki vojnici &#8220;spasili&#8221; \u010dlanove ID, kao i njihove lokalne vo\u0111e, helikopterima iz okru\u017eenja u koje su upali u isto\u010dnoj avganistanskoj pokrajini Kunar.<\/p>\n","protected":false},"excerpt":{"rendered":"<p>Vojnici SAD u Avganistanu su pritekli u pomo\u0107 \u010dlanovima teroristi\u010dke grupe Islamska dr\u017eava (ID) nakon talibanske operacije \u010di\u0161\u0107enja terorista s istoka zemlje, tvrde talibanski izvori, prenose iranski mediji. Talibani su ju\u010de saop\u0161tili da su ameri\u010dki vojnici &#8220;spasili&#8221; \u010dlanove ID, kao i njihove lokalne vo\u0111e, helikopterima iz okru\u017eenja u koje su upali u isto\u010dnoj avganistanskoj pokrajini [&hellip;]<\/p>\n","protected":false},"author":1,"featured_media":0,"comment_status":"open","ping_status":"closed","sticky":false,"template":"","format":"standard","meta":{"_seopress_robots_primary_cat":"","_seopress_titles_title":"","_seopress_titles_desc":"","_seopress_robots_index":"","_et_pb_use_builder":"","_et_pb_old_content":"","_et_gb_content_width":"","inline_featured_image":false,"footnotes":""},"categories":[14,12],"tags":[],"class_list":["post-268580","post","type-post","status-publish","format-standard","hentry","category-vijesti","category-prica-dana"],"_links":{"self":[{"href":"https:\/\/www.pcnen.com\/portal\/wp-json\/wp\/v2\/posts\/268580","targetHints":{"allow":["GET"]}}],"collection":[{"href":"https:\/\/www.pcnen.com\/portal\/wp-json\/wp\/v2\/posts"}],"about":[{"href":"https:\/\/www.pcnen.com\/portal\/wp-json\/wp\/v2\/types\/post"}],"author":[{"embeddable":true,"href":"https:\/\/www.pcnen.com\/portal\/wp-json\/wp\/v2\/users\/1"}],"replies":[{"embeddable":true,"href":"https:\/\/www.pcnen.com\/portal\/wp-json\/wp\/v2\/comments?post=268580"}],"version-history":[{"count":0,"href":"https:\/\/www.pcnen.com\/portal\/wp-json\/wp\/v2\/posts\/268580\/revisions"}],"wp:attachment":[{"href":"https:\/\/www.pcnen.com\/portal\/wp-json\/wp\/v2\/media?parent=268580"}],"wp:term":[{"taxonomy":"category","embeddable":true,"href":"https:\/\/www.pcnen.com\/portal\/wp-json\/wp\/v2\/categories?post=268580"},{"taxonomy":"post_tag","embeddable":true,"href":"https:\/\/www.pcnen.com\/portal\/wp-json\/wp\/v2\/tags?post=268580"}],"curies":[{"name":"wp","href":"https:\/\/api.w.org\/{rel}","templated":true}]}}