{"id":268558,"date":"2019-06-22T11:54:36","date_gmt":"2019-06-22T09:54:36","guid":{"rendered":"http:\/\/www.pcnen.com\/portal\/?p=268558"},"modified":"2019-06-22T12:56:10","modified_gmt":"2019-06-22T10:56:10","slug":"hrvatska-nije-obavijestena-da-joj-cg-nece-izruciti-sindelica","status":"publish","type":"post","link":"https:\/\/www.pcnen.com\/portal\/2019\/06\/22\/hrvatska-nije-obavijestena-da-joj-cg-nece-izruciti-sindelica\/","title":{"rendered":"Hrvatska nije obavije\u0161tena da joj CG ne\u0107e izru\u010diti Sin\u0111eli\u0107a"},"content":{"rendered":"<div id=\"attachment_235312\" style=\"width: 250px\" class=\"wp-caption alignleft\"><img loading=\"lazy\" decoding=\"async\" aria-describedby=\"caption-attachment-235312\" class=\" wp-image-235312\" src=\"http:\/\/www.pcnen.com\/portal\/wp-content\/uploads\/2017\/10\/Sasa-Sindjelic-300x229.jpg\" alt=\"\" width=\"240\" height=\"183\" \/><p id=\"caption-attachment-235312\" class=\"wp-caption-text\">Sa\u0161a Sin\u0111eli\u0107 svjedo\u010di u sudnici Vi\u0161eg suda u Podgorici\/screenshot<\/p><\/div>\n<p>Pravosudni organi Republike Hrvatske nijesu obavije\u0161teni o tome da je Crna Gora odbila da izru\u010di Sa\u0161u Sin\u0111eli\u0107a, svjedoka saradnika u procesu poznatom kao dr\u017eavni udar.<\/p>\n<p>Iz hrvatskog Ministarstva pravosu\u0111a <a href=\"https:\/\/fosmedia.me\/infos\/drustvo\/hrvatska-nije-obavijestena-da-joj-nece-izruciti-sindelica\" target=\"_blank\" rel=\"noopener\">za portal FOS media <\/a>su kazali da su 2. maja 2017. godine obavije\u0161teni da se u Crnoj Gori protiv vi\u0161e osoba vodi krivi\u010dni postupak zbog vi\u0161e krivi\u010dnih djela, uklju\u010duju\u0107i i protiv Sa\u0161e Sin\u0111eli\u0107a, zbog krivi\u010dnih djela stvaranje kriminalne organizacije, terorizam u poku\u0161aju i pripremanje djela protiv ustavnog ure\u0111enja i bezbjednosti Crne Gore, te da Sa\u0161a Sin\u0111eli\u0107 ima status &#8216;svjedoka pokajnika&#8217;.<\/p>\n<p>Podgorica je Zagrebu sugerisala da se Crnoj Gori mo\u017ee dostaviti molba za izru\u010denje, o kojoj \u0107e se odlu\u010diti nakon okon\u010danja kaznenog postupka u Crnoj Gori, odnosno eventualnog odslu\u017eenja kazne ako isti bude osu\u0111en.<\/p>\n<p>Hrvatska potra\u017euje Sin\u0111eli\u0107a zbog izdr\u017eavanja kazne od 21 godinu zatvora zbog krivi\u010dnih djela te\u0161ko ubistvo i kra\u0111a.<br \/>\nJavnost u Crnoj Gori nije bila obavije\u0161tena o tome da su Vi\u0161i i Apelacioni sud odbili da izru\u010de Sin\u0111eli\u0107a sve dok se portal FOS media nije zainteresovao za ovo pitanje.<\/p>\n<p>Sin\u0111eli\u0107 se <a href=\"http:\/\/www.pcnen.com\/portal\/2019\/06\/18\/sindelic-ponovo-u-crnoj-gori\/\" target=\"_blank\" rel=\"noopener\">ponovo nalazi u Crnoj Gori <\/a>i navodno \u0107e zatra\u017eiti politi\u010dki azil.<\/p>\n","protected":false},"excerpt":{"rendered":"<p>Hrvatska potra\u017euje Sin\u0111eli\u0107a zbog izdr\u017eavanja kazne od 21 godinu zatvora zbog krivi\u010dnih djela te\u0161ko ubistvo i kra\u0111a<\/p>\n","protected":false},"author":1,"featured_media":0,"comment_status":"open","ping_status":"closed","sticky":false,"template":"","format":"standard","meta":{"_seopress_robots_primary_cat":"","_seopress_titles_title":"","_seopress_titles_desc":"","_seopress_robots_index":"","_et_pb_use_builder":"","_et_pb_old_content":"","_et_gb_content_width":"","inline_featured_image":false,"footnotes":""},"categories":[14,12],"tags":[],"class_list":["post-268558","post","type-post","status-publish","format-standard","hentry","category-vijesti","category-prica-dana"],"_links":{"self":[{"href":"https:\/\/www.pcnen.com\/portal\/wp-json\/wp\/v2\/posts\/268558","targetHints":{"allow":["GET"]}}],"collection":[{"href":"https:\/\/www.pcnen.com\/portal\/wp-json\/wp\/v2\/posts"}],"about":[{"href":"https:\/\/www.pcnen.com\/portal\/wp-json\/wp\/v2\/types\/post"}],"author":[{"embeddable":true,"href":"https:\/\/www.pcnen.com\/portal\/wp-json\/wp\/v2\/users\/1"}],"replies":[{"embeddable":true,"href":"https:\/\/www.pcnen.com\/portal\/wp-json\/wp\/v2\/comments?post=268558"}],"version-history":[{"count":0,"href":"https:\/\/www.pcnen.com\/portal\/wp-json\/wp\/v2\/posts\/268558\/revisions"}],"wp:attachment":[{"href":"https:\/\/www.pcnen.com\/portal\/wp-json\/wp\/v2\/media?parent=268558"}],"wp:term":[{"taxonomy":"category","embeddable":true,"href":"https:\/\/www.pcnen.com\/portal\/wp-json\/wp\/v2\/categories?post=268558"},{"taxonomy":"post_tag","embeddable":true,"href":"https:\/\/www.pcnen.com\/portal\/wp-json\/wp\/v2\/tags?post=268558"}],"curies":[{"name":"wp","href":"https:\/\/api.w.org\/{rel}","templated":true}]}}