{"id":268526,"date":"2019-06-21T20:54:03","date_gmt":"2019-06-21T18:54:03","guid":{"rendered":"http:\/\/www.pcnen.com\/portal\/?p=268526"},"modified":"2019-06-21T21:40:54","modified_gmt":"2019-06-21T19:40:54","slug":"dzomic-saopstenje-vlade-o-misljenju-vk-je-najobicniji-spin","status":"publish","type":"post","link":"https:\/\/www.pcnen.com\/portal\/2019\/06\/21\/dzomic-saopstenje-vlade-o-misljenju-vk-je-najobicniji-spin\/","title":{"rendered":"\u0110\u017eomi\u0107: Saop\u0161tenje Vlade o mi\u0161ljenju VK je &#8216;najobi\u010dniji spin&#8217;"},"content":{"rendered":"<p><img loading=\"lazy\" decoding=\"async\" src=\"http:\/\/www.pcnen.com\/portal\/wp-content\/uploads\/2015\/02\/velibor-dzomic-300x196.jpg\" alt=\"\" width=\"300\" height=\"196\" class=\"alignright size-medium wp-image-171580\" \/>\u201eNije ta\u010dno da je Venecijanska komisija usvojila pozitivno mi\u0161ljenje o Predlogu zakona o slobodi veroispovesti ili uverenja i pravnom polo\u017eaju verskih zajednica u Crnoj Gori\u201c, saop\u0161tio je protojerej stavrofor dr Velibor D\u017eomic\u0301, ocijeniv\u0161i da je <a href=\"http:\/\/www.pcnen.com\/portal\/2019\/06\/21\/vk-pozitivno-ocijenila-predlog-zakona-o-slobodi-vjeroispovijesti\/\">objava crnogorske Vlade o pozitivnom mi\u0161ljenju VK \u201enajobi\u010dniji spin\u201c<\/a>.<\/p>\n<p>\u201eNema jednostranog oduzimanja crkava i vjerskih objekata. Usvojeno je mi\u0161ljenje, a koliko je \u2019pozitivno\u2018, dovoljno govori \u010dinjenica da ima 23 stranice. U pitanju je mi\u0161ljenje koje na 23 stranice sadr\u017ei na desetine negativnih komentara, kritika, obavezujuc\u0301ih uputstava i kada bude objavljeno, u ponedeljak sve c\u0301e biti jasno\u201c, kazao je protojerej-stavrofor dr Velibor D\u017eomic\u0301, koordinator Pravnog savjeta Mitropolije crnogorsko-primorske, komentari\u0161uc\u0301i mi\u0161ljenje Venecijanske komisije u vezi sa Predlogom zakona o slobodi vjeroispovijesti ili uvjerenja i pravnom polo\u017eaju vjerskih zajednica u Crnoj Gori.<\/p>\n<p>Dr Velibor je naglasio da je od svega \u0161to su objavili pojedini mediji u Crnoj Gori, ta\u010dno jedino to da je na dnevnom redu sjednice Venecijanske komisije bio i Predlog zakona o slobodi vjeroispovijesti ili uvjerenja i pravnom polo\u017eaju vjerskih zajednica u Crnoj Gori,<a href=\"https:\/\/rs-lat.sputniknews.com\/regioni\/201906211120150967-nista-nije-tacno-znace-se-u-ponedeljak--protojerej-objasnjava-odluku-venecijanske-komisije-predlog-\/\"> prenosi sputniknews.com.<\/a><\/p>\n<p>D\u017eomic\u0301 je dodao da na osnovu njegovih saznanja nema nikakvog jednostranog oduzimanja crkava, d\u017eamija, rimokatoli\u010dkih samostana, \u017eupnih ureda i druge nepokretne imovine koja je u svojini crkava i vjerskih zajednica. Dakle, ne samo na\u0161e Crkve, nego i Rimokatoli\u010dke crkve i Islamske zajednice.<\/p>\n<p>\u201ePodsjetic\u0301u, intencija \u010clana 62 i 63 i Vlade, kao predlaga\u010da, bila je da jednostranim popisnim aktom obri\u0161u Mitropoliju, Rimokatoli\u010dku crkvu, Islamsku zajednicu i druge crkvene i vjerske subjekte kao nosioce prava svojine i bez ikakvog postupka, dakle linearno, kompjuterski upi\u0161u dr\u017eavu Crnu Goru kao titulara prava svojine nad vjerskim objektima. To je bila glavna odredba Predloga zakona kojim su se zorili donosioci. Me\u0111utim, ta odredba nije pro\u0161la\u201c, kategori\u010dan je D\u017eomic\u0301.<\/p>\n<p>Pokazalo se ta\u010dnim ono \u0161to smo iz Mitropolije govorili, dodao je on. \u201eBez sudske i administrativne procedure, upravno\u2013pravne procedure, koja je propisana zakonom, nema preknji\u017eavanja crkvene i druge verske imovine\u201c, je, kako nagla\u0161ava D\u017eomic\u0301, \u201eklju\u010dna poruka Venecijanske komisije\u201c.<\/p>\n<p>\u201ePrema tome, neka se smire strasti i sa\u010deka ponedjeljak. Bic\u0301e taj dokument dostupan, ali ono \u0161to u ovom momentu znam, bila je intencija, ali Venecijanska komisija nije podr\u017eala odre\u0111ene predloge eksperata. Imam stopostotno ta\u010dnu informaciju da su njihova odre\u0111ena mi\u0161ljenja morala da budu zamijenjena prije plenarne sjednice i to \u0161to vam govorim je istina\u201c, saop\u0161tio je D\u017eomic\u0301.<\/p>\n","protected":false},"excerpt":{"rendered":"<p>\u201eNije ta\u010dno da je Venecijanska komisija usvojila pozitivno mi\u0161ljenje o Predlogu zakona o slobodi veroispovesti ili uverenja i pravnom polo\u017eaju verskih zajednica u Crnoj Gori\u201c, saop\u0161tio je protojerej stavrofor dr Velibor D\u017eomic\u0301, ocijeniv\u0161i da je objava crnogorske Vlade o pozitivnom mi\u0161ljenju VK \u201enajobi\u010dniji spin\u201c. \u201eNema jednostranog oduzimanja crkava i vjerskih objekata. Usvojeno je mi\u0161ljenje, a [&hellip;]<\/p>\n","protected":false},"author":1,"featured_media":0,"comment_status":"open","ping_status":"closed","sticky":false,"template":"","format":"standard","meta":{"_seopress_robots_primary_cat":"","_seopress_titles_title":"","_seopress_titles_desc":"","_seopress_robots_index":"","_et_pb_use_builder":"","_et_pb_old_content":"","_et_gb_content_width":"","inline_featured_image":false,"footnotes":""},"categories":[14,12],"tags":[],"class_list":["post-268526","post","type-post","status-publish","format-standard","hentry","category-vijesti","category-prica-dana"],"_links":{"self":[{"href":"https:\/\/www.pcnen.com\/portal\/wp-json\/wp\/v2\/posts\/268526","targetHints":{"allow":["GET"]}}],"collection":[{"href":"https:\/\/www.pcnen.com\/portal\/wp-json\/wp\/v2\/posts"}],"about":[{"href":"https:\/\/www.pcnen.com\/portal\/wp-json\/wp\/v2\/types\/post"}],"author":[{"embeddable":true,"href":"https:\/\/www.pcnen.com\/portal\/wp-json\/wp\/v2\/users\/1"}],"replies":[{"embeddable":true,"href":"https:\/\/www.pcnen.com\/portal\/wp-json\/wp\/v2\/comments?post=268526"}],"version-history":[{"count":0,"href":"https:\/\/www.pcnen.com\/portal\/wp-json\/wp\/v2\/posts\/268526\/revisions"}],"wp:attachment":[{"href":"https:\/\/www.pcnen.com\/portal\/wp-json\/wp\/v2\/media?parent=268526"}],"wp:term":[{"taxonomy":"category","embeddable":true,"href":"https:\/\/www.pcnen.com\/portal\/wp-json\/wp\/v2\/categories?post=268526"},{"taxonomy":"post_tag","embeddable":true,"href":"https:\/\/www.pcnen.com\/portal\/wp-json\/wp\/v2\/tags?post=268526"}],"curies":[{"name":"wp","href":"https:\/\/api.w.org\/{rel}","templated":true}]}}