{"id":268503,"date":"2019-06-21T17:13:56","date_gmt":"2019-06-21T15:13:56","guid":{"rendered":"http:\/\/www.pcnen.com\/portal\/?p=268503"},"modified":"2019-06-21T17:17:04","modified_gmt":"2019-06-21T15:17:04","slug":"vk-pozitivno-ocijenila-predlog-zakona-o-slobodi-vjeroispovijesti","status":"publish","type":"post","link":"https:\/\/www.pcnen.com\/portal\/2019\/06\/21\/vk-pozitivno-ocijenila-predlog-zakona-o-slobodi-vjeroispovijesti\/","title":{"rendered":"VK pozitivno ocijenila Predlog zakona o slobodi vjeroispovijesti"},"content":{"rendered":"<p><img loading=\"lazy\" decoding=\"async\" src=\"http:\/\/www.pcnen.com\/portal\/wp-content\/uploads\/2019\/06\/venecijanska-komisija.jpg\" alt=\"\" width=\"240\" height=\"152\" class=\"alignright size-full wp-image-268470\" \/>Na dana\u0161njoj plenarnoj sjednici u Veneciji, Venecijanska komisija je usvojila pozitivno mi\u0161ljenje na Predlog zakona o slobodi vjeroispovijesti ili uvjerenja i pravnom polo\u017eaju vjerskih zajednica, konstatuju\u0107i da predlo\u017eeni zakonski tekst &#8220;donosi zna\u010dajne pozitivne promjene postoje\u0107eg zastarjelog zakonodavstva&#8221;.<\/p>\n<p><a href=\"http:\/\/www.gov.me\/vijesti\/203799\/Venecijanska-komisija-pozitivno-ocijenila-Predlog-zakona-o-slobodi-vjeroispovijesti.html\">Kako je saop\u0161teno iz Vlade<\/a>, Venecijanska komisija je pozdravila &#8220;istinske napore crnogorskih vlasti&#8221; da novim zakonom bude zamijenjen zastarjeli Zakon o pravnom polo\u017eaju vjerskih zajednica iz 1977. godine.<\/p>\n<p>&#8220;Venecijanska komisija, tako\u0111e, ocjenjuje pozitivnim opredjeljenje da predlo\u017eenim zakonom bude garantovana ne samo sloboda vjeroispovijesti, ve\u0107 i sloboda nereligijskih uvjerenja, pozdravljaju\u0107i liberalan pristup u odredbama kojima se propisuje procedura registracije vjerskih zajednica, po\u0161tuje njihova autonomija i garantuju prava na vjersku pouku i osnivanje vjerskih \u0161kola&#8221;, navodi se na sajtu Vlade.<\/p>\n<p>Dodaju da se u Mi\u0161ljenju pozdravlja i zakonsko rje\u0161enje po kojem registracija vjerskih zajednica nije propisana kao obavezna.<\/p>\n<p>&#8220;Pristup koji je zauzet u Predlogu zakona i koji su vlasti zauzele je dobrodo\u0161ao. Pored toga, Venecijanska komisija nagla\u0161ava da dobrovoljni karakter registracije ne zna\u010di da vjerske zajednice mogu djelovati izvan pravnog sistema. U modernim demokratijama, ustavna ograni\u010denja ovla\u0161\u0107enja dr\u017eave nad vjerskim zajednicama ne mogu se smatrati preprekom za potvr\u0111ivanje autoriteta demokratske dr\u017eave. Vjerske zajednice se ne nalaze iznad ili izvan nacionalnog pravnog poretka: one imaju svoje mjesto &#8211; iako posebno, garantovano i za\u0161ti\u0107eno posebnim temeljnim pravima &#8211; u okviru tog poretka&#8221;, navodi se u dokumentu.<\/p>\n<p>&#8220;\u0160to se ti\u010de va\u017enog pitanja imovine vjerskih zajednica, Venecijanska komisija razumije zabrinutost crnogorskih vlasti u pogledu uvo\u0111enja pravne sigurnosti i rje\u0161avanja pitanja mogu\u0107e nezakonite\/zloupotrebom izvr\u0161ene registracije na ime vjerskih zajednica tokom 1990-ih godina niza vjerskih objekata koji mogu biti dio kulturne ba\u0161tine Crne Gore. Tim prije zato \u0161to dr\u017eava, prema \u010dlanu 78. Ustava, ima du\u017enost da \u0161titi prirodnu i kulturnu ba\u0161tinu zemlje. Venecijanska komisija pozdravlja u tom pogledu to \u0161to se rje\u0161enja predlo\u017eena u ovom Predlogu zakona oslanjaju na dugogodi\u0161nje pravne principe crnogorskog pravnog poretka i ne zasnivaju se na ad hoc pravilima, specifi\u010dnim za ovu situaciju&#8221;, pi\u0161e u mi\u0161ljenu Venecijanske komisije.<\/p>\n<p>Venecijanska komisija je ovim mi\u0161ljenjem podr\u017eala njihovo klju\u010dno opredjeljenje da predlo\u017eenim zakonom svakom gra\u0111aninu Crne Gore bude garantovana sloboda da, po sopstvenoj savijesti, bude ili ne bude vjernik bilo koje vjeroispovijesti, afirmi\u0161u\u0107i pravo dr\u017eave da za\u0161titi imovinu i kulturno blago koje pripada svim gra\u0111anima i da obezbijedi da zakoni Crne Gore jednako va\u017ee za sve, na \u010ditavoj teritoriji na\u0161e dr\u017eave, pi\u0161e u saop\u0161tenju Vlade.<\/p>\n<p>&#8220;Delegacija Vlade Crne Gore koja je u\u010destvovala u radu plenarne sjednice Venecijanske komisije, <a href=\"http:\/\/www.pcnen.com\/portal\/2019\/06\/21\/vk-danas-o-predlogu-zakona-o-slobodi-vjeroispovijesti\/\">koju je predvodio ministar za ljudska i manjinska prava Mehmed Zenka,<\/a> izrazila je zahvalnost Venecijanskoj komisiji na datom stru\u010dnom mi\u0161ljenju, saop\u0161tiv\u0161i da \u0107e sugestije i preporuke za dalje unapre\u0111enje i preciziranje odre\u0111enih zakonskih odredbi biti pa\u017eljivo razmotrene i inkorporirane u finalni tekst Predloga zakona koji \u0107e biti upu\u0107en Skup\u0161tini na razmatranje i usvajanje&#8221;, zaklju\u010duje se u saop\u0161tenju Vlade.<\/p>\n","protected":false},"excerpt":{"rendered":"<p>Na dana\u0161njoj plenarnoj sjednici u Veneciji, Venecijanska komisija je usvojila pozitivno mi\u0161ljenje na Predlog zakona o slobodi vjeroispovijesti ili uvjerenja i pravnom polo\u017eaju vjerskih zajednica, konstatuju\u0107i da predlo\u017eeni zakonski tekst &#8220;donosi zna\u010dajne pozitivne promjene postoje\u0107eg zastarjelog zakonodavstva&#8221;. Kako je saop\u0161teno iz Vlade, Venecijanska komisija je pozdravila &#8220;istinske napore crnogorskih vlasti&#8221; da novim zakonom bude zamijenjen [&hellip;]<\/p>\n","protected":false},"author":1,"featured_media":0,"comment_status":"open","ping_status":"closed","sticky":false,"template":"","format":"standard","meta":{"_seopress_robots_primary_cat":"","_seopress_titles_title":"","_seopress_titles_desc":"","_seopress_robots_index":"","_et_pb_use_builder":"","_et_pb_old_content":"","_et_gb_content_width":"","inline_featured_image":false,"footnotes":""},"categories":[14,12],"tags":[],"class_list":["post-268503","post","type-post","status-publish","format-standard","hentry","category-vijesti","category-prica-dana"],"_links":{"self":[{"href":"https:\/\/www.pcnen.com\/portal\/wp-json\/wp\/v2\/posts\/268503","targetHints":{"allow":["GET"]}}],"collection":[{"href":"https:\/\/www.pcnen.com\/portal\/wp-json\/wp\/v2\/posts"}],"about":[{"href":"https:\/\/www.pcnen.com\/portal\/wp-json\/wp\/v2\/types\/post"}],"author":[{"embeddable":true,"href":"https:\/\/www.pcnen.com\/portal\/wp-json\/wp\/v2\/users\/1"}],"replies":[{"embeddable":true,"href":"https:\/\/www.pcnen.com\/portal\/wp-json\/wp\/v2\/comments?post=268503"}],"version-history":[{"count":0,"href":"https:\/\/www.pcnen.com\/portal\/wp-json\/wp\/v2\/posts\/268503\/revisions"}],"wp:attachment":[{"href":"https:\/\/www.pcnen.com\/portal\/wp-json\/wp\/v2\/media?parent=268503"}],"wp:term":[{"taxonomy":"category","embeddable":true,"href":"https:\/\/www.pcnen.com\/portal\/wp-json\/wp\/v2\/categories?post=268503"},{"taxonomy":"post_tag","embeddable":true,"href":"https:\/\/www.pcnen.com\/portal\/wp-json\/wp\/v2\/tags?post=268503"}],"curies":[{"name":"wp","href":"https:\/\/api.w.org\/{rel}","templated":true}]}}