{"id":268480,"date":"2019-06-21T11:27:32","date_gmt":"2019-06-21T09:27:32","guid":{"rendered":"http:\/\/www.pcnen.com\/portal\/?p=268480"},"modified":"2019-06-21T11:27:32","modified_gmt":"2019-06-21T09:27:32","slug":"nt-tramp-komandovao-napad-na-iran-pa-se-predomislio","status":"publish","type":"post","link":"https:\/\/www.pcnen.com\/portal\/2019\/06\/21\/nt-tramp-komandovao-napad-na-iran-pa-se-predomislio\/","title":{"rendered":"NT: Tramp komandovao napad na Iran, pa se predomislio"},"content":{"rendered":"<p><img loading=\"lazy\" decoding=\"async\" class=\"size-medium wp-image-216516 alignleft\" src=\"http:\/\/www.pcnen.com\/portal\/wp-content\/uploads\/2016\/11\/Donald-Tramp-1-300x220.jpg\" alt=\"\" width=\"300\" height=\"220\" \/>Njujork tajms je <a href=\"https:\/\/www.nytimes.com\/2019\/06\/20\/world\/middleeast\/iran-us-drone.html\">objavio danas<\/a> da je predsjednik SAD Donald Tramp ju\u010de izdao naredbu o vojnom udaru na Iran, ali je u poslednjem trenutku tu odluku povukao.<\/p>\n<p>Kako prenose ameri\u010dki mediji, ratni vojni avioni i brotodovi su ve\u0107 bili postavljeni na pozicije za udare na iranske ciljeve, koji su trebali da se dogode danas prije zore, kako bi bio smanjen rizik za iransku vojsku ili civile.<\/p>\n<p><a href=\"https:\/\/www.reuters.com\/article\/us-mideast-iran-usa-attacks\/trump-warned-iran-via-oman-that-u-s-attack-imminent-called-for-talks-iranian-officials-idUSKCN1TM0AY\">Rojters izvje\u0161tava<\/a> da je Iran znao za napad i da ih je, preko dr\u017eave Oman, upozorio li\u010dno Tramp.<\/p>\n<p>&#8220;Tramp je u poruci naveo da je protiv bilo kakvog rata sa Iranom i da \u017eeli da razgovara sa Teheranom o razli\u010ditim pitanjima. On je dao kratak rok za odgovor, ali je Iran odmah odgovorio da je na vrhovnom vo\u0111i ajatolahu Ali Hameneiju da odlu\u010di o tom pitanju&#8221;, izjavio je jedan od zvani\u010dnika.<\/p>\n<p>Odnos izme\u0111u SAD i Irana eskalirao je do ta\u010dke klju\u010danja kada je iranska Revolucinarna garda objavila da je <a href=\"https:\/\/www.presstv.com\/Detail\/2019\/06\/20\/599007\/US-drone-Khordad-3-air-defense-missile-IRGC\">oborila ameri\u010dki \u0161pijunski dron<\/a> i poslala snimak kao dokaz.<\/p>\n<p>Pre toga tenzije su rasle zbog dva odvojena napada na tankere pune nafte u vodama Omanskog zaliva, a za koje Va\u0161ington okrivljuje Iran.<\/p>\n","protected":false},"excerpt":{"rendered":"<p>Rojters izvje\u0161tava da je Iran znao za napad i da ih je, preko dr\u017eave Oman, upozorio li\u010dno Tramp<\/p>\n","protected":false},"author":1,"featured_media":0,"comment_status":"open","ping_status":"closed","sticky":false,"template":"","format":"standard","meta":{"_seopress_robots_primary_cat":"","_seopress_titles_title":"","_seopress_titles_desc":"","_seopress_robots_index":"","_et_pb_use_builder":"","_et_pb_old_content":"","_et_gb_content_width":"","inline_featured_image":false,"footnotes":""},"categories":[14,12],"tags":[],"class_list":["post-268480","post","type-post","status-publish","format-standard","hentry","category-vijesti","category-prica-dana"],"_links":{"self":[{"href":"https:\/\/www.pcnen.com\/portal\/wp-json\/wp\/v2\/posts\/268480","targetHints":{"allow":["GET"]}}],"collection":[{"href":"https:\/\/www.pcnen.com\/portal\/wp-json\/wp\/v2\/posts"}],"about":[{"href":"https:\/\/www.pcnen.com\/portal\/wp-json\/wp\/v2\/types\/post"}],"author":[{"embeddable":true,"href":"https:\/\/www.pcnen.com\/portal\/wp-json\/wp\/v2\/users\/1"}],"replies":[{"embeddable":true,"href":"https:\/\/www.pcnen.com\/portal\/wp-json\/wp\/v2\/comments?post=268480"}],"version-history":[{"count":0,"href":"https:\/\/www.pcnen.com\/portal\/wp-json\/wp\/v2\/posts\/268480\/revisions"}],"wp:attachment":[{"href":"https:\/\/www.pcnen.com\/portal\/wp-json\/wp\/v2\/media?parent=268480"}],"wp:term":[{"taxonomy":"category","embeddable":true,"href":"https:\/\/www.pcnen.com\/portal\/wp-json\/wp\/v2\/categories?post=268480"},{"taxonomy":"post_tag","embeddable":true,"href":"https:\/\/www.pcnen.com\/portal\/wp-json\/wp\/v2\/tags?post=268480"}],"curies":[{"name":"wp","href":"https:\/\/api.w.org\/{rel}","templated":true}]}}