{"id":268477,"date":"2019-06-21T11:10:45","date_gmt":"2019-06-21T09:10:45","guid":{"rendered":"http:\/\/www.pcnen.com\/portal\/?p=268477"},"modified":"2019-10-09T22:41:17","modified_gmt":"2019-10-09T20:41:17","slug":"jesen-opasna-i-teska","status":"publish","type":"post","link":"https:\/\/www.pcnen.com\/portal\/2019\/06\/21\/jesen-opasna-i-teska\/","title":{"rendered":"Jesen, opasna i te\u0161ka"},"content":{"rendered":"<p>Ljeto je tek po\u010delo, niko ne razmi\u0161lja o jeseni. A ona \u0107e biti turbuletna, te\u0161ka, nestabilna i opasna. Na jesen \u0107e politi\u010dka i sveop\u0161ta kriza kulminirati. Do\u0107i \u0107e se u pat poziciju jer \u0107e faliti vremena. Politi\u010dke \u201eeilte\u201c, pozicije i opozicije, ali i me\u0111unarodni faktor, tek tada \u0107e shvatiti svu dubinu politi\u010dke krize u Crnoj Gori. No, bi\u0107e kasno, pla\u0161im se.<\/p>\n<p>Novo izborno zakonodastvo i na\u010din njegove efikasna primjene, vlada gra\u0111anskog jedinstva, oslobo\u0111en Javni servis, neophodne promjene u tu\u017eila\u0161tvu i sudstvu, ASK-u&#8230; ne\u0107e imati vremena da se efiksano sprovedu do novih, redovnih izbora. Bez toga, \u010dak i da nema Sporazuma o budu\u0107nosti, izbori nemaju smisla. Zato ih ne\u0107e ni biti. Nema vi\u0161e te opozicione partije koja smije iza\u0107i na izbore pod dosada\u0161njim uslovima. Znam da neke bi rado, jer ih promjena vlasti ne interesuje. Status kvo im najvi\u0161e odgovara. Ali jednostavno to ne\u0107e smjeti. Zbog javnosti, opozicionih i svojih glasa\u010da.<\/p>\n<p>I \u0161to onda?<\/p>\n<p>\u201eZdravo krilo\u201c DPS-a na \u010delu sa Markovi\u0107em \u0107e, zbog blagovremenog poziva na dijalog, postati d\u017eoker me\u0111unarodne zajednice. A predsjednik dr\u017eave koji je u stvari uvijek bio i ostao premijer, bi\u0107e na ledu. Tada mo\u017ee do\u0107i do otvorenog sukoba \u201ezdravog\u201c i nezdravog krila DPS-a. A u takvom sukobu padale bi glave na ulici &#8211; u bukvalnom smislu te rije\u010di. U tom scenariju, lako mogu\u0107em, kontrolisana anarhija mo\u017ee pre\u0107i u nekontrolisanu.<\/p>\n<p>Tako to biva kada jedna partija 30 godina vlada bez kontrole, kada su nam zdrava i nezdrava tkiva u stvari mafija\u0161ki klanovi kojima partija slu\u017ei kao pokri\u0107e i kamufla\u017ea.<\/p>\n<p>Situaciju \u0107e uslo\u017eniti nepostajanje prave alternative. Dio opozicije, kao \u0161to rekoh, nije mnogo bolji od onih protiv kojih se \u201eistrajno bore\u201c. Taj dio se upla\u0161io op\u0161tegra\u0111anskih protesta skoro koliko i DPS. Pri\u0161ao im je iznu\u0111eno, pod pritiskom masovnosti. I radio je sve kako bi se oni ugasili.<\/p>\n<p>Zbog navedenog bi bilo dobro da se pokret Odupri se, kao korektivni i stabiliziraju\u0107i faktor dru\u0161tva, ne ugasi. I ne samo on. Sve dru\u0161tvene snage \u0107e morati da se aktivno uklju\u010de u rje\u0161avanje krize, koja \u0107e, na jesen, skoro sam siguran, biti najve\u0107a od osamostaljenja Crne Gore.<\/p>\n<p>D\u017eemal Perovi\u0107 je najavio da \u0107e se pokret Odupri se registrovati kao NVO. Takva registracija je mogu\u0107e neophodna zbog uspostavljanje jasne organizacione strukture, njenog pro\u0161irivanja i pro\u010di\u0161\u0107avanja, ali i zbog finansiranja. Me\u0111utim, \u010dinjenica je da veliki dio javnosti nema povjerenja u NVO, smatra da one rade isklju\u010divo po zadanim projektima. Odupri se ne smije u\u0107i u takvu zamku. Treba i mora imati \u0161irok spektar djelovanja. Pomagati i u\u010destvovati u svim opravdanim buntovima \u0161irom Crne Gore, nastaviti sa protestima zbog \u201eKoverte\u201c i svih ostalih koverti i snimaka, biti korektivni faktor ne samo vlasti nego i opozicije. Pokret mora na\u0107i stabilan izvor finansiranja, otvoriti se za afirmisane aktiviste i javne li\u010dnosti, ali uklju\u010diti i potpuno nove, prije svega mla\u0111e ljude:\u00a0 studenete i nezaposlene. Prije 01.oktobra i prvog redovnog zasjedanja tzv.Skup\u0161tine, pokret Odupri se treba poku\u0161ati organizovati veliki, mo\u017eda najmasovnij protest do sada. Za takav protest trebaju blagovremene pripreme i saradnja sa svima koji se \u017eele priklju\u010diti njegovom organizovanju. Ve\u0107 sada treba razmi\u0161ljati o njemu i krenuti sa pripremama.<\/p>\n<p>Do tog protesta, pokret mora biti stalno aktivan. Odr\u017eavati tribine, okrugle stolove, mini proteste, organizovati nove karavane kroz Crnu Goru. Sa mje\u0161tanima braniti Bukovicu, Sinjajevinu&#8230; i sva druga napadnuta prirodna bogastva Crne Gore.\u00a0 A Adu \u2013 Bojanu, raj na zemlji, treba braniti \u010dak i \u017eivotima &#8211; ako treba.<\/p>\n<p>Ni po koju cijenu ne smijemo dozvoliti da nezaje\u017eljivi bra\u0107a i familija uzmu i \u201evalorizuju\u201c bukvalno sve, pa i nju.<\/p>\n","protected":false},"excerpt":{"rendered":"<p>Pi\u0161e: Omer \u0160ARKI\u0106<\/p>\n","protected":false},"author":12,"featured_media":0,"comment_status":"open","ping_status":"closed","sticky":false,"template":"","format":"standard","meta":{"_seopress_robots_primary_cat":"","_seopress_titles_title":"","_seopress_titles_desc":"","_seopress_robots_index":"","_et_pb_use_builder":"","_et_pb_old_content":"","_et_gb_content_width":"","inline_featured_image":false,"footnotes":""},"categories":[17],"tags":[],"class_list":["post-268477","post","type-post","status-publish","format-standard","hentry","category-blogovi"],"_links":{"self":[{"href":"https:\/\/www.pcnen.com\/portal\/wp-json\/wp\/v2\/posts\/268477","targetHints":{"allow":["GET"]}}],"collection":[{"href":"https:\/\/www.pcnen.com\/portal\/wp-json\/wp\/v2\/posts"}],"about":[{"href":"https:\/\/www.pcnen.com\/portal\/wp-json\/wp\/v2\/types\/post"}],"author":[{"embeddable":true,"href":"https:\/\/www.pcnen.com\/portal\/wp-json\/wp\/v2\/users\/12"}],"replies":[{"embeddable":true,"href":"https:\/\/www.pcnen.com\/portal\/wp-json\/wp\/v2\/comments?post=268477"}],"version-history":[{"count":0,"href":"https:\/\/www.pcnen.com\/portal\/wp-json\/wp\/v2\/posts\/268477\/revisions"}],"wp:attachment":[{"href":"https:\/\/www.pcnen.com\/portal\/wp-json\/wp\/v2\/media?parent=268477"}],"wp:term":[{"taxonomy":"category","embeddable":true,"href":"https:\/\/www.pcnen.com\/portal\/wp-json\/wp\/v2\/categories?post=268477"},{"taxonomy":"post_tag","embeddable":true,"href":"https:\/\/www.pcnen.com\/portal\/wp-json\/wp\/v2\/tags?post=268477"}],"curies":[{"name":"wp","href":"https:\/\/api.w.org\/{rel}","templated":true}]}}