{"id":268469,"date":"2019-06-21T10:20:35","date_gmt":"2019-06-21T08:20:35","guid":{"rendered":"http:\/\/www.pcnen.com\/portal\/?p=268469"},"modified":"2019-06-21T10:20:35","modified_gmt":"2019-06-21T08:20:35","slug":"vk-danas-o-predlogu-zakona-o-slobodi-vjeroispovijesti","status":"publish","type":"post","link":"https:\/\/www.pcnen.com\/portal\/2019\/06\/21\/vk-danas-o-predlogu-zakona-o-slobodi-vjeroispovijesti\/","title":{"rendered":"VK danas o Predlogu zakona o slobodi vjeroispovijesti"},"content":{"rendered":"<p><img loading=\"lazy\" decoding=\"async\" src=\"http:\/\/www.pcnen.com\/portal\/wp-content\/uploads\/2019\/06\/venecijanska-komisija.jpg\" alt=\"\" width=\"240\" height=\"152\" class=\"alignright size-full wp-image-268470\" \/><a href=\"https:\/\/hr.wikipedia.org\/wiki\/Venecijanska_komisija\">Venecijanska komisija <\/a>raspravlja\u0107e danas o Predlogu zakona o slobodi vjeroispovijesti koji je usvojila crnogorska vlada a koji predvi\u0111a da sve vjerske zajednice, me\u0111u kojima je i Srpska pravoslava crkva, moraju dokazati da su prije 1918. bili vlasnici crkvene imovine, ina\u010de \u0107e im biti oduzeta.<\/p>\n<p>Crnogorsku delegaciju predvode ministar za ljudska i manjinska prava Mehmed Zenka i generalna direktorka Direktorata za odnose sa vjerskim zajednicama \u017dana Filipovi\u0107.<\/p>\n<p>U Platformi koju je usvojila crnogorska vlada uo\u010di dana\u0161nje sjednice se navodi da je obnavljanjem dr\u017eavne nezavisnosti 2006. godine, Crna Gora je dobila i pravo i obavezu da na svojoj teritoriji uredi korpus vjerskih prava i sloboda, odnosno, da normira polo\u017eaj vjerskih zajednica i njihove relacije sa dr\u017eavom.<\/p>\n<p>Mitropolija Crnogorsko primorska smatra da zakon &#8220;nije u funkciji civilizovanog i pravno utemeljenog regulisanja prava na slobodu vjeroispovesti, ve\u0107 isklju\u010divo protiv crkve i elementarnih prava i sloboda pravoslavnih svje\u0161tenika i vjernika&#8221;.<\/p>\n<p>Mitropolija je saop\u0161tila da je Crnoj Gori potreban novi zakon o slobodi vjeroispovesti i pozvala Vladu da predlo\u017eena rje\u0161enja povu\u010de i &#8220;sa pa\u017enjom&#8221; pripremi novi akt &#8220;u atmosferi dijaloga i uva\u017eavanja&#8221;, kako bi on bio &#8220;dobrovoljno&#8221; prihva\u0107en od strane svih.<\/p>\n<p>Povla\u010denje zakona tra\u017eio je od Vlade Crne Gore predsejdnik Srbije Aleksandar Vu\u010di\u0107. Vlada u Podgorici je odbila Vu\u010di\u0107evu &#8220;molbu&#8221; i poru\u010dila da &#8220;ne dopusta bilo kome&#8221; da uti\u010de na njene odluke.<\/p>\n<p>U me\u0111uvremenu je na relaciji Podgorica- Beograd razmijenjeno niz te\u0161kih optu\u017ebi a srpski ambasador Zoran Bingulac je ju\u010de u crnogorsko Ministarstvo vanjskih poslova pozvan na razgovor, zbog, kako je nevedeno, &#8220;kontinuiranih, negativnih izjava srbijanskih dr\u017eavnih i drugih zvani\u010dnika o unutra\u0161njim pitanjima Crne Gore&#8221;, podsje\u0107a Beta. <\/p>\n","protected":false},"excerpt":{"rendered":"<p>Venecijanska komisija raspravlja\u0107e danas o Predlogu zakona o slobodi vjeroispovijesti koji je usvojila crnogorska vlada a koji predvi\u0111a da sve vjerske zajednice, me\u0111u kojima je i Srpska pravoslava crkva, moraju dokazati da su prije 1918. bili vlasnici crkvene imovine, ina\u010de \u0107e im biti oduzeta. Crnogorsku delegaciju predvode ministar za ljudska i manjinska prava Mehmed Zenka [&hellip;]<\/p>\n","protected":false},"author":1,"featured_media":0,"comment_status":"open","ping_status":"closed","sticky":false,"template":"","format":"standard","meta":{"_seopress_robots_primary_cat":"","_seopress_titles_title":"","_seopress_titles_desc":"","_seopress_robots_index":"","_et_pb_use_builder":"","_et_pb_old_content":"","_et_gb_content_width":"","inline_featured_image":false,"footnotes":""},"categories":[14],"tags":[],"class_list":["post-268469","post","type-post","status-publish","format-standard","hentry","category-vijesti"],"_links":{"self":[{"href":"https:\/\/www.pcnen.com\/portal\/wp-json\/wp\/v2\/posts\/268469","targetHints":{"allow":["GET"]}}],"collection":[{"href":"https:\/\/www.pcnen.com\/portal\/wp-json\/wp\/v2\/posts"}],"about":[{"href":"https:\/\/www.pcnen.com\/portal\/wp-json\/wp\/v2\/types\/post"}],"author":[{"embeddable":true,"href":"https:\/\/www.pcnen.com\/portal\/wp-json\/wp\/v2\/users\/1"}],"replies":[{"embeddable":true,"href":"https:\/\/www.pcnen.com\/portal\/wp-json\/wp\/v2\/comments?post=268469"}],"version-history":[{"count":0,"href":"https:\/\/www.pcnen.com\/portal\/wp-json\/wp\/v2\/posts\/268469\/revisions"}],"wp:attachment":[{"href":"https:\/\/www.pcnen.com\/portal\/wp-json\/wp\/v2\/media?parent=268469"}],"wp:term":[{"taxonomy":"category","embeddable":true,"href":"https:\/\/www.pcnen.com\/portal\/wp-json\/wp\/v2\/categories?post=268469"},{"taxonomy":"post_tag","embeddable":true,"href":"https:\/\/www.pcnen.com\/portal\/wp-json\/wp\/v2\/tags?post=268469"}],"curies":[{"name":"wp","href":"https:\/\/api.w.org\/{rel}","templated":true}]}}