{"id":268373,"date":"2019-06-19T19:07:32","date_gmt":"2019-06-19T17:07:32","guid":{"rendered":"http:\/\/www.pcnen.com\/portal\/?p=268373"},"modified":"2019-06-19T19:07:32","modified_gmt":"2019-06-19T17:07:32","slug":"saopstena-imena-dobitnika-trinaestojulske-nagrade-2","status":"publish","type":"post","link":"https:\/\/www.pcnen.com\/portal\/2019\/06\/19\/saopstena-imena-dobitnika-trinaestojulske-nagrade-2\/","title":{"rendered":"Saop\u0161tena imena dobitnika Trinaestojulske nagrade"},"content":{"rendered":"<p><img loading=\"lazy\" decoding=\"async\" class=\"size-full wp-image-228585 alignleft\" src=\"http:\/\/www.pcnen.com\/portal\/wp-content\/uploads\/2017\/06\/13julska-nagrada.jpg\" alt=\"\" width=\"275\" height=\"183\" \/>Ministarstvo kulture Crne Gore je saop\u0161tilo imena dobitnika Trinaestojulske nagrade.<\/p>\n<p>Prema odluci \u017eirija, nagradu su zaslu\u017eili Dragan B. Perovi\u0107, knji\u017eevni istori\u010dar i publicista za autorski TV serijal \u201cCrnogorci sentom po svijetu\u201c, za ciklus emisija \u201cIstjeriva\u010d mitova\u201c i knjigu \u201cStefan Perovi\u0107 Cuca &#8211; orepak bi\u0107a\u201c, istori\u010dar dr Bo\u017eidar \u0160ekularac za knjigu \u201cCrna Gora u doba Crnojevi\u0107a\u201c i pjesnik Pavle Goranovi\u0107 za za knjigu \u201cPoezija\u201c.<\/p>\n<p>\u017diri je radio u sastavu: predsjednik Rajko Todorovi\u0107 Todor, \u010dlanovi\/ce mr Miomir Vojinovi\u0107, dr Igor Laki\u0107, dr Ranko Milovi\u0107 i mr Jadranka Selhanovi\u0107.<\/p>\n<p>Prema javnom pozivu koje je objavilo Ministarst vo kulture, Trinaestojulska nagrada za 2019. godinu dodjeljuje se gra\u0111aninu ili dr\u017eavljaninu Crne Gore, grupi osoba, ili pravnom licu, koje ima sjedi\u0161te na teritoriji Crne Gore, za djela ili ostvarenja u svim oblastima rada i stvarala\u0161tva u prethodne dvije godine, koja su od izuzetnog zna\u010daja za Crnu Goru.<\/p>\n","protected":false},"excerpt":{"rendered":"<p>Ministarstvo kulture Crne Gore je saop\u0161tilo imena dobitnika Trinaestojulske nagrade. Prema odluci \u017eirija, nagradu su zaslu\u017eili Dragan B. Perovi\u0107, knji\u017eevni istori\u010dar i publicista za autorski TV serijal \u201cCrnogorci sentom po svijetu\u201c, za ciklus emisija \u201cIstjeriva\u010d mitova\u201c i knjigu \u201cStefan Perovi\u0107 Cuca &#8211; orepak bi\u0107a\u201c, istori\u010dar dr Bo\u017eidar \u0160ekularac za knjigu \u201cCrna Gora u doba Crnojevi\u0107a\u201c [&hellip;]<\/p>\n","protected":false},"author":1,"featured_media":0,"comment_status":"open","ping_status":"closed","sticky":false,"template":"","format":"standard","meta":{"_seopress_robots_primary_cat":"","_seopress_titles_title":"","_seopress_titles_desc":"","_seopress_robots_index":"","_et_pb_use_builder":"","_et_pb_old_content":"","_et_gb_content_width":"","inline_featured_image":false,"footnotes":""},"categories":[14],"tags":[],"class_list":["post-268373","post","type-post","status-publish","format-standard","hentry","category-vijesti"],"_links":{"self":[{"href":"https:\/\/www.pcnen.com\/portal\/wp-json\/wp\/v2\/posts\/268373","targetHints":{"allow":["GET"]}}],"collection":[{"href":"https:\/\/www.pcnen.com\/portal\/wp-json\/wp\/v2\/posts"}],"about":[{"href":"https:\/\/www.pcnen.com\/portal\/wp-json\/wp\/v2\/types\/post"}],"author":[{"embeddable":true,"href":"https:\/\/www.pcnen.com\/portal\/wp-json\/wp\/v2\/users\/1"}],"replies":[{"embeddable":true,"href":"https:\/\/www.pcnen.com\/portal\/wp-json\/wp\/v2\/comments?post=268373"}],"version-history":[{"count":0,"href":"https:\/\/www.pcnen.com\/portal\/wp-json\/wp\/v2\/posts\/268373\/revisions"}],"wp:attachment":[{"href":"https:\/\/www.pcnen.com\/portal\/wp-json\/wp\/v2\/media?parent=268373"}],"wp:term":[{"taxonomy":"category","embeddable":true,"href":"https:\/\/www.pcnen.com\/portal\/wp-json\/wp\/v2\/categories?post=268373"},{"taxonomy":"post_tag","embeddable":true,"href":"https:\/\/www.pcnen.com\/portal\/wp-json\/wp\/v2\/tags?post=268373"}],"curies":[{"name":"wp","href":"https:\/\/api.w.org\/{rel}","templated":true}]}}